{"id":437,"date":"2011-07-12T21:48:27","date_gmt":"2011-07-12T23:48:27","guid":{"rendered":"http:\/\/www.encontrabarrafunda.com.br\/noticias\/?p=437"},"modified":"2019-04-29T17:21:02","modified_gmt":"2019-04-29T20:21:02","slug":"barra-funda-passageiro-diz-que-nao-conseguiu-acionar-dispositivo-de-seguranca-de-trem-da-cptm","status":"publish","type":"post","link":"https:\/\/www.encontrabarrafunda.com.br\/sobre\/barra-funda-passageiro-diz-que-nao-conseguiu-acionar-dispositivo-de-seguranca-de-trem-da-cptm\/","title":{"rendered":"Barra Funda: Passageiro diz que n\u00e3o conseguiu acionar dispositivo de seguran\u00e7a de trem da CPTM"},"content":{"rendered":"<div class=\"7c2b2ddf12efdbbbe85a507d14b9627a\" data-index=\"1\" style=\"float: none; margin:0px;\">\n<!-- Anuncio display - global -->\r\n<ins class=\"adsbygoogle\"\r\n     style=\"display:block\"\r\n     data-ad-client=\"ca-pub-8585364105181520\"\r\n     data-ad-slot=\"8789329856\"\r\n     data-ad-format=\"auto\"\r\n     data-full-width-responsive=\"true\"><\/ins>\r\n<script>\r\n     (adsbygoogle = window.adsbygoogle || []).push({});\r\n<\/script>\n<\/div>\n<p>O\u00a0passageiro Anderson Allan Moreira estava\u00a0em um dos trens da CPTM  (Companhia Paulista de Trens Metropolitanos) que se\u00a0chocaram, na tarde  desta ter\u00e7a-feira (12),\u00a0\u00a0e contou \u00e0 reportagem\u00a0<strong><\/strong> que tentou acionar o dispositivo de seguran\u00e7a do vag\u00e3o (que abre as  portas da composi\u00e7\u00e3o), mas n\u00e3o conseguiu quebrar a prote\u00e7\u00e3o de acr\u00edlico  do equipamento.\u00a0O\u00a0mesmo aconteceu quando ele tentou acionar o interfone  para falar com o maquinista.<\/p>\n<p>Os dois trens\u00a0da CPTM\u00a0bateram,\u00a0por volta das\u00a013h40\u00a0desta ter\u00e7a-feira  (12), perto da esta\u00e7\u00e3o guia da Barra Funda, na zona oeste de S\u00e3o Paulo.<\/p>\n<p>Uma\u00a0composi\u00e7\u00e3o que circulava pela linha 7-Rubi, no sentido Luz,  se chocou com outro trem que estava parado\u00a0logo\u00a0\u00e0\u00a0frente, aguardando a  sinaliza\u00e7\u00e3o para seguir viagem\u00a0na mesma dire\u00e7\u00e3o.<\/p>\n<p>Moreira tamb\u00e9m afirmou\u00a0que machucou a m\u00e3o para tentar quebrar as travas  de acr\u00edlico do interfone e do dispositivo que abre as portas do  trem.\u00a0Ainda segundo ele, o vag\u00e3o estava cheio e muitas crian\u00e7as e\u00a0idosas  ca\u00edram no ch\u00e3o.\u00a0Depois de um tempo, os funcion\u00e1rios abriram as portas,  mas\u00a0eles tinham\u00a0apenas duas escadas para todos os vag\u00f5es.<\/p>\n<p>&#8211; Percebemos o despreparo na urg\u00eancia, porque eram apenas duas escadas para todos os vag\u00f5es.<\/p>\n<p>A CPTM\u00a0afirmou\u00a0que o acidente n\u00e3o deixou passageiros gravemente feridos.  Algumas\u00a0pessoas que estavam de p\u00e9 perderam o equil\u00edbrio e  sofreram\u00a0ferimentos leves. A companhia tamb\u00e9m informou que\u00a0os agentes da  esta\u00e7\u00e3o est\u00e3o mobilizados no atendimento\u00a0aos usu\u00e1rios.<\/p>\n<p><em>Fonte: R7<\/em><\/p>\n\n<div style=\"font-size: 0px; height: 0px; line-height: 0px; margin: 0; padding: 0; clear: both;\"><\/div>","protected":false},"excerpt":{"rendered":"<p>O\u00a0passageiro Anderson Allan Moreira estava\u00a0em um dos trens da CPTM (Companhia Paulista de Trens Metropolitanos) que se\u00a0chocaram, na tarde desta ter\u00e7a-feira (12),\u00a0\u00a0e contou \u00e0 reportagem\u00a0 que tentou acionar o dispositivo de seguran\u00e7a do vag\u00e3o (que abre as portas da composi\u00e7\u00e3o), mas n\u00e3o conseguiu quebrar a prote\u00e7\u00e3o de acr\u00edlico do equipamento.\u00a0O\u00a0mesmo aconteceu quando ele tentou acionar o interfone para falar com o maquinista. Os dois trens\u00a0da CPTM\u00a0bateram,\u00a0por volta das\u00a013h40\u00a0desta ter\u00e7a-feira (12), perto da esta\u00e7\u00e3o guia da Barra Funda, na zona oeste de S\u00e3o Paulo. Uma\u00a0composi\u00e7\u00e3o que circulava pela linha 7-Rubi, no sentido Luz, se chocou com outro trem que estava parado\u00a0logo\u00a0\u00e0\u00a0frente, <\/p>\n","protected":false},"author":1,"featured_media":0,"comment_status":"open","ping_status":"closed","sticky":false,"template":"","format":"standard","meta":{"footnotes":""},"categories":[6],"tags":[],"class_list":["post-437","post","type-post","status-publish","format-standard","hentry","category-noticias-na-barra-funda"],"aioseo_notices":[],"aioseo_head":"\n\t\t<!-- All in One SEO 5.0.0.1 - aioseo.com -->\n\t<meta name=\"description\" content=\"O passageiro Anderson Allan Moreira estava em um dos trens da CPTM (Companhia Paulista de Trens Metropolitanos) que se chocaram, na tarde desta ter\u00e7a-feira (12), e contou \u00e0 reportagem que tentou acionar o dispositivo de seguran\u00e7a do vag\u00e3o (que abre as portas da composi\u00e7\u00e3o), mas n\u00e3o conseguiu quebrar a prote\u00e7\u00e3o de acr\u00edlico do equipamento. O mesmo aconteceu quando ele tentou acionar\" \/>\n\t<meta name=\"robots\" content=\"max-image-preview:large\" \/>\n\t<meta name=\"author\" content=\"Encontra Barra Funda\"\/>\n\t<link rel=\"canonical\" href=\"https:\/\/www.encontrabarrafunda.com.br\/sobre\/barra-funda-passageiro-diz-que-nao-conseguiu-acionar-dispositivo-de-seguranca-de-trem-da-cptm\/\" \/>\n\t<meta name=\"generator\" content=\"All in One SEO (AIOSEO) 5.0.0.1\" \/>\n\t\t<meta property=\"og:locale\" content=\"pt_BR\" \/>\n\t\t<meta property=\"og:site_name\" content=\"Encontra Barra Funda - Not\u00edcias, eventos, informa\u00e7\u00f5es e dicas no bairro da Barra Funda e regi\u00e3o.\" \/>\n\t\t<meta property=\"og:type\" content=\"article\" \/>\n\t\t<meta property=\"og:title\" content=\"Barra Funda: Passageiro diz que n\u00e3o conseguiu acionar dispositivo de seguran\u00e7a de trem da CPTM - Encontra Barra Funda\" \/>\n\t\t<meta property=\"og:description\" content=\"O passageiro Anderson Allan Moreira estava em um dos trens da CPTM (Companhia Paulista de Trens Metropolitanos) que se chocaram, na tarde desta ter\u00e7a-feira (12), e contou \u00e0 reportagem que tentou acionar o dispositivo de seguran\u00e7a do vag\u00e3o (que abre as portas da composi\u00e7\u00e3o), mas n\u00e3o conseguiu quebrar a prote\u00e7\u00e3o de acr\u00edlico do equipamento. O mesmo aconteceu quando ele tentou acionar\" \/>\n\t\t<meta property=\"og:url\" content=\"https:\/\/www.encontrabarrafunda.com.br\/sobre\/barra-funda-passageiro-diz-que-nao-conseguiu-acionar-dispositivo-de-seguranca-de-trem-da-cptm\/\" \/>\n\t\t<meta property=\"article:published_time\" content=\"2011-07-12T23:48:27+00:00\" \/>\n\t\t<meta property=\"article:modified_time\" content=\"2019-04-29T20:21:02+00:00\" \/>\n\t\t<meta name=\"twitter:card\" content=\"summary_large_image\" \/>\n\t\t<meta name=\"twitter:title\" content=\"Barra Funda: Passageiro diz que n\u00e3o conseguiu acionar dispositivo de seguran\u00e7a de trem da CPTM - Encontra Barra Funda\" \/>\n\t\t<meta name=\"twitter:description\" content=\"O passageiro Anderson Allan Moreira estava em um dos trens da CPTM (Companhia Paulista de Trens Metropolitanos) que se chocaram, na tarde desta ter\u00e7a-feira (12), e contou \u00e0 reportagem que tentou acionar o dispositivo de seguran\u00e7a do vag\u00e3o (que abre as portas da composi\u00e7\u00e3o), mas n\u00e3o conseguiu quebrar a prote\u00e7\u00e3o de acr\u00edlico do equipamento. O mesmo aconteceu quando ele tentou acionar\" \/>\n\t\t<script type=\"application\/ld+json\" class=\"aioseo-schema\">\n\t\t\t{\"@context\":\"https:\\\/\\\/schema.org\",\"@graph\":[{\"@type\":\"BlogPosting\",\"@id\":\"https:\\\/\\\/www.encontrabarrafunda.com.br\\\/sobre\\\/barra-funda-passageiro-diz-que-nao-conseguiu-acionar-dispositivo-de-seguranca-de-trem-da-cptm\\\/#blogposting\",\"name\":\"Barra Funda: Passageiro diz que n\\u00e3o conseguiu acionar dispositivo de seguran\\u00e7a de trem da CPTM - Encontra Barra Funda\",\"headline\":\"Barra Funda: Passageiro diz que n\\u00e3o conseguiu acionar dispositivo de seguran\\u00e7a de trem da CPTM\",\"author\":{\"@id\":\"https:\\\/\\\/www.encontrabarrafunda.com.br\\\/sobre\\\/author\\\/ebarrafunda\\\/#author\"},\"publisher\":{\"@id\":\"https:\\\/\\\/www.encontrabarrafunda.com.br\\\/sobre\\\/#organization\"},\"datePublished\":\"2011-07-12T21:48:27-03:00\",\"dateModified\":\"2019-04-29T17:21:02-03:00\",\"inLanguage\":\"pt-BR\",\"mainEntityOfPage\":{\"@id\":\"https:\\\/\\\/www.encontrabarrafunda.com.br\\\/sobre\\\/barra-funda-passageiro-diz-que-nao-conseguiu-acionar-dispositivo-de-seguranca-de-trem-da-cptm\\\/#webpage\"},\"isPartOf\":{\"@id\":\"https:\\\/\\\/www.encontrabarrafunda.com.br\\\/sobre\\\/barra-funda-passageiro-diz-que-nao-conseguiu-acionar-dispositivo-de-seguranca-de-trem-da-cptm\\\/#webpage\"},\"articleSection\":\"Not\\u00edcias Barra Funda\"},{\"@type\":\"BreadcrumbList\",\"@id\":\"https:\\\/\\\/www.encontrabarrafunda.com.br\\\/sobre\\\/barra-funda-passageiro-diz-que-nao-conseguiu-acionar-dispositivo-de-seguranca-de-trem-da-cptm\\\/#breadcrumblist\",\"itemListElement\":[{\"@type\":\"ListItem\",\"@id\":\"https:\\\/\\\/www.encontrabarrafunda.com.br\\\/sobre#listItem\",\"position\":1,\"name\":\"In\\u00edcio\",\"item\":\"https:\\\/\\\/www.encontrabarrafunda.com.br\\\/sobre\",\"nextItem\":{\"@type\":\"ListItem\",\"@id\":\"https:\\\/\\\/www.encontrabarrafunda.com.br\\\/sobre\\\/noticias-na-barra-funda\\\/#listItem\",\"name\":\"Not\\u00edcias Barra Funda\"}},{\"@type\":\"ListItem\",\"@id\":\"https:\\\/\\\/www.encontrabarrafunda.com.br\\\/sobre\\\/noticias-na-barra-funda\\\/#listItem\",\"position\":2,\"name\":\"Not\\u00edcias Barra Funda\",\"item\":\"https:\\\/\\\/www.encontrabarrafunda.com.br\\\/sobre\\\/noticias-na-barra-funda\\\/\",\"nextItem\":{\"@type\":\"ListItem\",\"@id\":\"https:\\\/\\\/www.encontrabarrafunda.com.br\\\/sobre\\\/barra-funda-passageiro-diz-que-nao-conseguiu-acionar-dispositivo-de-seguranca-de-trem-da-cptm\\\/#listItem\",\"name\":\"Barra Funda: Passageiro diz que n\\u00e3o conseguiu acionar dispositivo de seguran\\u00e7a de trem da CPTM\"},\"previousItem\":{\"@type\":\"ListItem\",\"@id\":\"https:\\\/\\\/www.encontrabarrafunda.com.br\\\/sobre#listItem\",\"name\":\"In\\u00edcio\"}},{\"@type\":\"ListItem\",\"@id\":\"https:\\\/\\\/www.encontrabarrafunda.com.br\\\/sobre\\\/barra-funda-passageiro-diz-que-nao-conseguiu-acionar-dispositivo-de-seguranca-de-trem-da-cptm\\\/#listItem\",\"position\":3,\"name\":\"Barra Funda: Passageiro diz que n\\u00e3o conseguiu acionar dispositivo de seguran\\u00e7a de trem da CPTM\",\"previousItem\":{\"@type\":\"ListItem\",\"@id\":\"https:\\\/\\\/www.encontrabarrafunda.com.br\\\/sobre\\\/noticias-na-barra-funda\\\/#listItem\",\"name\":\"Not\\u00edcias Barra Funda\"}}]},{\"@type\":\"Organization\",\"@id\":\"https:\\\/\\\/www.encontrabarrafunda.com.br\\\/sobre\\\/#organization\",\"name\":\"Encontra Barra Funda\",\"description\":\"Not\\u00edcias, eventos, informa\\u00e7\\u00f5es e dicas no bairro da Barra Funda e regi\\u00e3o.\",\"url\":\"https:\\\/\\\/www.encontrabarrafunda.com.br\\\/sobre\\\/\"},{\"@type\":\"Person\",\"@id\":\"https:\\\/\\\/www.encontrabarrafunda.com.br\\\/sobre\\\/author\\\/ebarrafunda\\\/#author\",\"url\":\"https:\\\/\\\/www.encontrabarrafunda.com.br\\\/sobre\\\/author\\\/ebarrafunda\\\/\",\"name\":\"Encontra Barra Funda\",\"image\":{\"@type\":\"ImageObject\",\"@id\":\"https:\\\/\\\/www.encontrabarrafunda.com.br\\\/sobre\\\/barra-funda-passageiro-diz-que-nao-conseguiu-acionar-dispositivo-de-seguranca-de-trem-da-cptm\\\/#authorImage\",\"url\":\"https:\\\/\\\/secure.gravatar.com\\\/avatar\\\/507340682b8270222e1f208e23198b6ae7e2c6a1033ae84e99bc6bce4f82a387?s=96&d=mm&r=g\",\"width\":96,\"height\":96,\"caption\":\"Encontra Barra Funda\"}},{\"@type\":\"WebPage\",\"@id\":\"https:\\\/\\\/www.encontrabarrafunda.com.br\\\/sobre\\\/barra-funda-passageiro-diz-que-nao-conseguiu-acionar-dispositivo-de-seguranca-de-trem-da-cptm\\\/#webpage\",\"url\":\"https:\\\/\\\/www.encontrabarrafunda.com.br\\\/sobre\\\/barra-funda-passageiro-diz-que-nao-conseguiu-acionar-dispositivo-de-seguranca-de-trem-da-cptm\\\/\",\"name\":\"Barra Funda: Passageiro diz que n\\u00e3o conseguiu acionar dispositivo de seguran\\u00e7a de trem da CPTM - Encontra Barra Funda\",\"description\":\"O passageiro Anderson Allan Moreira estava em um dos trens da CPTM (Companhia Paulista de Trens Metropolitanos) que se chocaram, na tarde desta ter\\u00e7a-feira (12), e contou \\u00e0 reportagem que tentou acionar o dispositivo de seguran\\u00e7a do vag\\u00e3o (que abre as portas da composi\\u00e7\\u00e3o), mas n\\u00e3o conseguiu quebrar a prote\\u00e7\\u00e3o de acr\\u00edlico do equipamento. O mesmo aconteceu quando ele tentou acionar\",\"inLanguage\":\"pt-BR\",\"isPartOf\":{\"@id\":\"https:\\\/\\\/www.encontrabarrafunda.com.br\\\/sobre\\\/#website\"},\"breadcrumb\":{\"@id\":\"https:\\\/\\\/www.encontrabarrafunda.com.br\\\/sobre\\\/barra-funda-passageiro-diz-que-nao-conseguiu-acionar-dispositivo-de-seguranca-de-trem-da-cptm\\\/#breadcrumblist\"},\"author\":{\"@id\":\"https:\\\/\\\/www.encontrabarrafunda.com.br\\\/sobre\\\/author\\\/ebarrafunda\\\/#author\"},\"creator\":{\"@id\":\"https:\\\/\\\/www.encontrabarrafunda.com.br\\\/sobre\\\/author\\\/ebarrafunda\\\/#author\"},\"datePublished\":\"2011-07-12T21:48:27-03:00\",\"dateModified\":\"2019-04-29T17:21:02-03:00\"},{\"@type\":\"WebSite\",\"@id\":\"https:\\\/\\\/www.encontrabarrafunda.com.br\\\/sobre\\\/#website\",\"url\":\"https:\\\/\\\/www.encontrabarrafunda.com.br\\\/sobre\\\/\",\"name\":\"Encontra Barra Funda\",\"description\":\"Not\\u00edcias, eventos, informa\\u00e7\\u00f5es e dicas no bairro da Barra Funda e regi\\u00e3o.\",\"inLanguage\":\"pt-BR\",\"publisher\":{\"@id\":\"https:\\\/\\\/www.encontrabarrafunda.com.br\\\/sobre\\\/#organization\"}}]}\n\t\t<\/script>\n\t\t<!-- All in One SEO -->\n\n","aioseo_head_json":{"title":"Barra Funda: Passageiro diz que n\u00e3o conseguiu acionar dispositivo de seguran\u00e7a de trem da CPTM - Encontra Barra Funda","description":"O passageiro Anderson Allan Moreira estava em um dos trens da CPTM (Companhia Paulista de Trens Metropolitanos) que se chocaram, na tarde desta ter\u00e7a-feira (12), e contou \u00e0 reportagem que tentou acionar o dispositivo de seguran\u00e7a do vag\u00e3o (que abre as portas da composi\u00e7\u00e3o), mas n\u00e3o conseguiu quebrar a prote\u00e7\u00e3o de acr\u00edlico do equipamento. O mesmo aconteceu quando ele tentou acionar","canonical_url":"https:\/\/www.encontrabarrafunda.com.br\/sobre\/barra-funda-passageiro-diz-que-nao-conseguiu-acionar-dispositivo-de-seguranca-de-trem-da-cptm\/","robots":"max-image-preview:large","keywords":"","webmasterTools":{"miscellaneous":""},"schema":{"@context":"https:\/\/schema.org","@graph":[{"@type":"BlogPosting","@id":"https:\/\/www.encontrabarrafunda.com.br\/sobre\/barra-funda-passageiro-diz-que-nao-conseguiu-acionar-dispositivo-de-seguranca-de-trem-da-cptm\/#blogposting","name":"Barra Funda: Passageiro diz que n\u00e3o conseguiu acionar dispositivo de seguran\u00e7a de trem da CPTM - Encontra Barra Funda","headline":"Barra Funda: Passageiro diz que n\u00e3o conseguiu acionar dispositivo de seguran\u00e7a de trem da CPTM","author":{"@id":"https:\/\/www.encontrabarrafunda.com.br\/sobre\/author\/ebarrafunda\/#author"},"publisher":{"@id":"https:\/\/www.encontrabarrafunda.com.br\/sobre\/#organization"},"datePublished":"2011-07-12T21:48:27-03:00","dateModified":"2019-04-29T17:21:02-03:00","inLanguage":"pt-BR","mainEntityOfPage":{"@id":"https:\/\/www.encontrabarrafunda.com.br\/sobre\/barra-funda-passageiro-diz-que-nao-conseguiu-acionar-dispositivo-de-seguranca-de-trem-da-cptm\/#webpage"},"isPartOf":{"@id":"https:\/\/www.encontrabarrafunda.com.br\/sobre\/barra-funda-passageiro-diz-que-nao-conseguiu-acionar-dispositivo-de-seguranca-de-trem-da-cptm\/#webpage"},"articleSection":"Not\u00edcias Barra Funda"},{"@type":"BreadcrumbList","@id":"https:\/\/www.encontrabarrafunda.com.br\/sobre\/barra-funda-passageiro-diz-que-nao-conseguiu-acionar-dispositivo-de-seguranca-de-trem-da-cptm\/#breadcrumblist","itemListElement":[{"@type":"ListItem","@id":"https:\/\/www.encontrabarrafunda.com.br\/sobre#listItem","position":1,"name":"In\u00edcio","item":"https:\/\/www.encontrabarrafunda.com.br\/sobre","nextItem":{"@type":"ListItem","@id":"https:\/\/www.encontrabarrafunda.com.br\/sobre\/noticias-na-barra-funda\/#listItem","name":"Not\u00edcias Barra Funda"}},{"@type":"ListItem","@id":"https:\/\/www.encontrabarrafunda.com.br\/sobre\/noticias-na-barra-funda\/#listItem","position":2,"name":"Not\u00edcias Barra Funda","item":"https:\/\/www.encontrabarrafunda.com.br\/sobre\/noticias-na-barra-funda\/","nextItem":{"@type":"ListItem","@id":"https:\/\/www.encontrabarrafunda.com.br\/sobre\/barra-funda-passageiro-diz-que-nao-conseguiu-acionar-dispositivo-de-seguranca-de-trem-da-cptm\/#listItem","name":"Barra Funda: Passageiro diz que n\u00e3o conseguiu acionar dispositivo de seguran\u00e7a de trem da CPTM"},"previousItem":{"@type":"ListItem","@id":"https:\/\/www.encontrabarrafunda.com.br\/sobre#listItem","name":"In\u00edcio"}},{"@type":"ListItem","@id":"https:\/\/www.encontrabarrafunda.com.br\/sobre\/barra-funda-passageiro-diz-que-nao-conseguiu-acionar-dispositivo-de-seguranca-de-trem-da-cptm\/#listItem","position":3,"name":"Barra Funda: Passageiro diz que n\u00e3o conseguiu acionar dispositivo de seguran\u00e7a de trem da CPTM","previousItem":{"@type":"ListItem","@id":"https:\/\/www.encontrabarrafunda.com.br\/sobre\/noticias-na-barra-funda\/#listItem","name":"Not\u00edcias Barra Funda"}}]},{"@type":"Organization","@id":"https:\/\/www.encontrabarrafunda.com.br\/sobre\/#organization","name":"Encontra Barra Funda","description":"Not\u00edcias, eventos, informa\u00e7\u00f5es e dicas no bairro da Barra Funda e regi\u00e3o.","url":"https:\/\/www.encontrabarrafunda.com.br\/sobre\/"},{"@type":"Person","@id":"https:\/\/www.encontrabarrafunda.com.br\/sobre\/author\/ebarrafunda\/#author","url":"https:\/\/www.encontrabarrafunda.com.br\/sobre\/author\/ebarrafunda\/","name":"Encontra Barra Funda","image":{"@type":"ImageObject","@id":"https:\/\/www.encontrabarrafunda.com.br\/sobre\/barra-funda-passageiro-diz-que-nao-conseguiu-acionar-dispositivo-de-seguranca-de-trem-da-cptm\/#authorImage","url":"https:\/\/secure.gravatar.com\/avatar\/507340682b8270222e1f208e23198b6ae7e2c6a1033ae84e99bc6bce4f82a387?s=96&d=mm&r=g","width":96,"height":96,"caption":"Encontra Barra Funda"}},{"@type":"WebPage","@id":"https:\/\/www.encontrabarrafunda.com.br\/sobre\/barra-funda-passageiro-diz-que-nao-conseguiu-acionar-dispositivo-de-seguranca-de-trem-da-cptm\/#webpage","url":"https:\/\/www.encontrabarrafunda.com.br\/sobre\/barra-funda-passageiro-diz-que-nao-conseguiu-acionar-dispositivo-de-seguranca-de-trem-da-cptm\/","name":"Barra Funda: Passageiro diz que n\u00e3o conseguiu acionar dispositivo de seguran\u00e7a de trem da CPTM - Encontra Barra Funda","description":"O passageiro Anderson Allan Moreira estava em um dos trens da CPTM (Companhia Paulista de Trens Metropolitanos) que se chocaram, na tarde desta ter\u00e7a-feira (12), e contou \u00e0 reportagem que tentou acionar o dispositivo de seguran\u00e7a do vag\u00e3o (que abre as portas da composi\u00e7\u00e3o), mas n\u00e3o conseguiu quebrar a prote\u00e7\u00e3o de acr\u00edlico do equipamento. O mesmo aconteceu quando ele tentou acionar","inLanguage":"pt-BR","isPartOf":{"@id":"https:\/\/www.encontrabarrafunda.com.br\/sobre\/#website"},"breadcrumb":{"@id":"https:\/\/www.encontrabarrafunda.com.br\/sobre\/barra-funda-passageiro-diz-que-nao-conseguiu-acionar-dispositivo-de-seguranca-de-trem-da-cptm\/#breadcrumblist"},"author":{"@id":"https:\/\/www.encontrabarrafunda.com.br\/sobre\/author\/ebarrafunda\/#author"},"creator":{"@id":"https:\/\/www.encontrabarrafunda.com.br\/sobre\/author\/ebarrafunda\/#author"},"datePublished":"2011-07-12T21:48:27-03:00","dateModified":"2019-04-29T17:21:02-03:00"},{"@type":"WebSite","@id":"https:\/\/www.encontrabarrafunda.com.br\/sobre\/#website","url":"https:\/\/www.encontrabarrafunda.com.br\/sobre\/","name":"Encontra Barra Funda","description":"Not\u00edcias, eventos, informa\u00e7\u00f5es e dicas no bairro da Barra Funda e regi\u00e3o.","inLanguage":"pt-BR","publisher":{"@id":"https:\/\/www.encontrabarrafunda.com.br\/sobre\/#organization"}}]},"og:locale":"pt_BR","og:site_name":"Encontra Barra Funda - Not\u00edcias, eventos, informa\u00e7\u00f5es e dicas no bairro da Barra Funda e regi\u00e3o.","og:type":"article","og:title":"Barra Funda: Passageiro diz que n\u00e3o conseguiu acionar dispositivo de seguran\u00e7a de trem da CPTM - Encontra Barra Funda","og:description":"O passageiro Anderson Allan Moreira estava em um dos trens da CPTM (Companhia Paulista de Trens Metropolitanos) que se chocaram, na tarde desta ter\u00e7a-feira (12), e contou \u00e0 reportagem que tentou acionar o dispositivo de seguran\u00e7a do vag\u00e3o (que abre as portas da composi\u00e7\u00e3o), mas n\u00e3o conseguiu quebrar a prote\u00e7\u00e3o de acr\u00edlico do equipamento. O mesmo aconteceu quando ele tentou acionar","og:url":"https:\/\/www.encontrabarrafunda.com.br\/sobre\/barra-funda-passageiro-diz-que-nao-conseguiu-acionar-dispositivo-de-seguranca-de-trem-da-cptm\/","article:published_time":"2011-07-12T23:48:27+00:00","article:modified_time":"2019-04-29T20:21:02+00:00","twitter:card":"summary_large_image","twitter:title":"Barra Funda: Passageiro diz que n\u00e3o conseguiu acionar dispositivo de seguran\u00e7a de trem da CPTM - Encontra Barra Funda","twitter:description":"O passageiro Anderson Allan Moreira estava em um dos trens da CPTM (Companhia Paulista de Trens Metropolitanos) que se chocaram, na tarde desta ter\u00e7a-feira (12), e contou \u00e0 reportagem que tentou acionar o dispositivo de seguran\u00e7a do vag\u00e3o (que abre as portas da composi\u00e7\u00e3o), mas n\u00e3o conseguiu quebrar a prote\u00e7\u00e3o de acr\u00edlico do equipamento. O mesmo aconteceu quando ele tentou acionar"},"aioseo_meta_data":{"post_id":"437","title":null,"description":null,"keywords":null,"keyphrases":null,"primary_term":null,"canonical_url":null,"og_title":null,"og_description":null,"og_object_type":"default","og_image_type":"default","og_image_url":null,"og_image_width":null,"og_image_height":null,"og_image_custom_url":null,"og_image_custom_fields":null,"og_video":null,"og_custom_url":null,"og_article_section":null,"og_article_tags":null,"twitter_use_og":false,"twitter_card":"default","twitter_image_type":"default","twitter_image_url":null,"twitter_image_custom_url":null,"twitter_image_custom_fields":null,"twitter_title":null,"twitter_description":null,"schema":{"blockGraphs":[],"customGraphs":[],"default":{"data":{"Article":[],"Course":[],"Dataset":[],"FAQPage":[],"Movie":[],"Person":[],"Product":[],"ProductReview":[],"Car":[],"Recipe":[],"Service":[],"SoftwareApplication":[],"WebPage":[]},"graphName":"BlogPosting","isEnabled":true},"graphs":[]},"schema_type":"default","schema_type_options":null,"pillar_content":false,"robots_default":true,"robots_noindex":false,"robots_noarchive":false,"robots_nosnippet":false,"robots_nofollow":false,"robots_noimageindex":false,"robots_noodp":false,"robots_notranslate":false,"robots_max_snippet":null,"robots_max_videopreview":null,"robots_max_imagepreview":"large","priority":null,"frequency":null,"local_seo":null,"breadcrumb_settings":null,"limit_modified_date":false,"ai":null,"created":"2024-03-16 20:03:58","updated":"2025-10-03 18:25:58","focus_keyword":null,"additional_keywords":null,"truseo_locale":null,"seo_analyzer_scan_date":null},"aioseo_breadcrumb":"<div class=\"aioseo-breadcrumbs\"><span class=\"aioseo-breadcrumb\">\n\t\t\t<a href=\"https:\/\/www.encontrabarrafunda.com.br\/sobre\" title=\"In\u00edcio\">In\u00edcio<\/a>\n\t\t<\/span><span class=\"aioseo-breadcrumb-separator\">&raquo;<\/span><span class=\"aioseo-breadcrumb\">\n\t\t\t<a href=\"https:\/\/www.encontrabarrafunda.com.br\/sobre\/noticias-na-barra-funda\/\" title=\"Not\u00edcias Barra Funda\">Not\u00edcias Barra Funda<\/a>\n\t\t<\/span><span class=\"aioseo-breadcrumb-separator\">&raquo;<\/span><span class=\"aioseo-breadcrumb\">\n\t\t\tBarra Funda: Passageiro diz que n\u00e3o conseguiu acionar dispositivo de seguran\u00e7a de trem da CPTM\n\t\t<\/span><\/div>","aioseo_breadcrumb_json":[{"label":"In\u00edcio","link":"https:\/\/www.encontrabarrafunda.com.br\/sobre"},{"label":"Not\u00edcias Barra Funda","link":"https:\/\/www.encontrabarrafunda.com.br\/sobre\/noticias-na-barra-funda\/"},{"label":"Barra Funda: Passageiro diz que n\u00e3o conseguiu acionar dispositivo de seguran\u00e7a de trem da CPTM","link":"https:\/\/www.encontrabarrafunda.com.br\/sobre\/barra-funda-passageiro-diz-que-nao-conseguiu-acionar-dispositivo-de-seguranca-de-trem-da-cptm\/"}],"_links":{"self":[{"href":"https:\/\/www.encontrabarrafunda.com.br\/sobre\/wp-json\/wp\/v2\/posts\/437","targetHints":{"allow":["GET"]}}],"collection":[{"href":"https:\/\/www.encontrabarrafunda.com.br\/sobre\/wp-json\/wp\/v2\/posts"}],"about":[{"href":"https:\/\/www.encontrabarrafunda.com.br\/sobre\/wp-json\/wp\/v2\/types\/post"}],"author":[{"embeddable":true,"href":"https:\/\/www.encontrabarrafunda.com.br\/sobre\/wp-json\/wp\/v2\/users\/1"}],"replies":[{"embeddable":true,"href":"https:\/\/www.encontrabarrafunda.com.br\/sobre\/wp-json\/wp\/v2\/comments?post=437"}],"version-history":[{"count":0,"href":"https:\/\/www.encontrabarrafunda.com.br\/sobre\/wp-json\/wp\/v2\/posts\/437\/revisions"}],"wp:attachment":[{"href":"https:\/\/www.encontrabarrafunda.com.br\/sobre\/wp-json\/wp\/v2\/media?parent=437"}],"wp:term":[{"taxonomy":"category","embeddable":true,"href":"https:\/\/www.encontrabarrafunda.com.br\/sobre\/wp-json\/wp\/v2\/categories?post=437"},{"taxonomy":"post_tag","embeddable":true,"href":"https:\/\/www.encontrabarrafunda.com.br\/sobre\/wp-json\/wp\/v2\/tags?post=437"}],"curies":[{"name":"wp","href":"https:\/\/api.w.org\/{rel}","templated":true}]}}