{"id":4519,"date":"2026-09-03T07:04:25","date_gmt":"2026-09-03T10:04:25","guid":{"rendered":"https:\/\/www.encontrabarrafunda.com.br\/sobre\/sao-paulo-domingos-duarte-treina-e-lucas-volta-ao-campo\/"},"modified":"2026-09-03T07:04:25","modified_gmt":"2026-09-03T10:04:25","slug":"sao-paulo-domingos-duarte-treina-e-lucas-volta-ao-campo","status":"publish","type":"post","link":"https:\/\/www.encontrabarrafunda.com.br\/sobre\/sao-paulo-domingos-duarte-treina-e-lucas-volta-ao-campo\/","title":{"rendered":"S\u00e3o Paulo: Domingos Duarte treina e Lucas volta ao campo"},"content":{"rendered":"<div class=\"7c2b2ddf12efdbbbe85a507d14b9627a\" data-index=\"1\" style=\"float: none; margin:0px;\">\n<!-- Anuncio display - global -->\r\n<ins class=\"adsbygoogle\"\r\n     style=\"display:block\"\r\n     data-ad-client=\"ca-pub-8585364105181520\"\r\n     data-ad-slot=\"8789329856\"\r\n     data-ad-format=\"auto\"\r\n     data-full-width-responsive=\"true\"><\/ins>\r\n<script>\r\n     (adsbygoogle = window.adsbygoogle || []).push({});\r\n<\/script>\n<\/div>\n<h2>Domingos Duarte se destaca em seu primeiro treino<\/h2>\n<p>Na \u00faltima quinta-feira, o S\u00e3o Paulo recebeu uma excelente not\u00edcia quando Domingos Duarte, o mais recente refor\u00e7o da equipe, participou ativamente dos treinos no CT da Barra Funda. O zagueiro, contratado h\u00e1 pouco mais de duas semanas, finalmente p\u00f4de se juntar aos companheiros ap\u00f3s as formalidades contratuais serem solucionadas. Mesmo com a proibi\u00e7\u00e3o de registro pelo clube devido a uma puni\u00e7\u00e3o, Duarte demonstrou empenho e dedica\u00e7\u00e3o nas atividades, o que deixa a comiss\u00e3o t\u00e9cnica animada para utiliz\u00e1-lo nas pr\u00f3ximas partidas.<\/p>\n<h2>Lucas Moura retorna gradualmente aos treinos<\/h2>\n<p>Enquanto isso, o meia Lucas Moura, que est\u00e1 em processo de recupera\u00e7\u00e3o de uma ruptura no tend\u00e3o de Aquiles da perna direita, tamb\u00e9m foi visto em campo. Sob a supervis\u00e3o da equipe de fisioterapia, Lucas est\u00e1 se dedicando a exerc\u00edcios individualizados. Ele expressou otimismo acerca de sua recupera\u00e7\u00e3o, afirmando que sua evolu\u00e7\u00e3o tem sido satisfat\u00f3ria. A expectativa \u00e9 que, em breve, ele possa se reintegrar completamente ao grupo e voltar a ser uma op\u00e7\u00e3o para o treinador.<\/p>\n<h2>Expectativas para a pr\u00f3xima partida do S\u00e3o Paulo<\/h2>\n<p>O S\u00e3o Paulo est\u00e1 se preparando intensamente para o enfrentamento contra o Gr\u00eamio, marcado para o pr\u00f3ximo s\u00e1bado. A equipe ocupa a 12\u00aa posi\u00e7\u00e3o no Campeonato Brasileiro, e uma vit\u00f3ria seria fundamental para elevar sua confian\u00e7a e posi\u00e7\u00f5es na tabela. O \u00faltimo treino antes da viagem para Porto Alegre ser\u00e1 crucial para os jogadores assimilarem as estrat\u00e9gias que ser\u00e3o adotadas contra um advers\u00e1rio forte como o Gr\u00eamio.<\/p>\n<p><img decoding=\"async\" src=\"https:\/\/www.encontrabarrafunda.com.br\/sobre\/wp-content\/uploads\/2026\/09\/sao-paulo-domingos-duarte-treina-e-lucas-volta-ao-campo.webp\" alt=\"Domingos Duarte\" loading=\"lazy\" \/><\/p>\n<h2>An\u00e1lise do desempenho de Domingos Duarte<\/h2>\n<p>Domingos Duarte, durante o treino, mostrou qualidades que podem rapidamente torn\u00e1-lo um pilar na defesa do Tricolor. Sua capacidade de leitura de jogo e posicionamento chamaram a aten\u00e7\u00e3o dos treinadores. Al\u00e9m disso, sua presen\u00e7a forte f\u00edsica poder\u00e1 ser diferencial em situa\u00e7\u00f5es de bolas a\u00e9reas. A expectativa \u00e9 que, caso tenha a oportunidade de estrear rapidamente, ele possa influenciar positivamente a retaguarda do time.<\/p>\n<h2>Recupera\u00e7\u00e3o de Lucas: o que esperar?<\/h2>\n<p>Lucas Moura, com sua experi\u00eancia e habilidade, \u00e9 um nome que pode mudar a din\u00e2mica da equipe quando estiver novamente apto. A sua recupera\u00e7\u00e3o est\u00e1 sendo monitorada de perto pela comiss\u00e3o t\u00e9cnica, e h\u00e1 um planejamento para reintegr\u00e1-lo de maneira segura ao grupo. Se continuar a evoluir como esperado, ele poder\u00e1 ser uma arma poderosa para o S\u00e3o Paulo nas rodadas futuras.<\/p>\n<h2>Impacto das novas contrata\u00e7\u00f5es no time<\/h2>\n<p>A chegada de Domingos Duarte pode ser exatamente o que o S\u00e3o Paulo precisava para fortalecer sua defesa, muito criticada nas \u00faltimas partidas. A integra\u00e7\u00e3o harmonic dos novos jogadores, incluindo a recente renova\u00e7\u00e3o de Lucas, traz uma nova energia ao elenco e aumenta a concorr\u00eancia por posi\u00e7\u00f5es. Isso pode fazer com que os jogadores levem suas performances a um n\u00edvel superior, em busca de garantir um lugar entre os titulares.<\/p>\n<h2>Como o S\u00e3o Paulo est\u00e1 se preparando para o Campeonato Brasileiro<\/h2>\n<p>Com a reta final do Campeonato Brasileiro se aproximando, o clube est\u00e1 concentrando esfor\u00e7os em garantir uma coloca\u00e7\u00e3o que atenda as expectativas de seus torcedores. Os treinos t\u00eam sido rigorosos, com foco na cria\u00e7\u00e3o de um estilo de jogo que minimize os erros defensivos e maximize as oportunidades ofensivas. O compromisso de todos os jogadores em treinar e se aprimorar constantemente \u00e9 um sinal positivo de que est\u00e3o determinados a melhorar sua performance na competi\u00e7\u00e3o.<\/p>\n<h2>Rea\u00e7\u00f5es da torcida sobre as novidades<\/h2>\n<p>A torcida do S\u00e3o Paulo, sempre apaixonada e atenta, reagiu positivamente \u00e0 contrata\u00e7\u00e3o de Domingos Duarte e \u00e0 recupera\u00e7\u00e3o de Lucas Moura. As redes sociais foram inundadas de mensagens de apoio e otimismo por parte dos torcedores, que veem estes movimentos como um sinal de esperan\u00e7a para a equipe. Muitos expressaram expectativas elevadas sobre o impacto que os dois jogadores poder\u00e3o ter na busca pelo sucesso na temporada.<\/p>\n<h2>O futuro do S\u00e3o Paulo no campeonato<\/h2>\n<p>O futuro do S\u00e3o Paulo no Campeonato Brasileiro depender\u00e1, em grande parte, de como o elenco conseguir\u00e1 se adaptar \u00e0s novas adi\u00e7\u00f5es e se reerguer ap\u00f3s momentos dif\u00edceis nas \u00faltimas rodadas. O retorno efetivo de Lucas e a integra\u00e7\u00e3o de Domingos Duarte devem proporcionar mais solidez e criatividade ao time, fatores que ser\u00e3o cruciais em sua caminhada pela recupera\u00e7\u00e3o na tabela de classifica\u00e7\u00e3o.<\/p>\n<h2>Import\u00e2ncia da recupera\u00e7\u00e3o para a equipe<\/h2>\n<p>A recupera\u00e7\u00e3o de jogadores essenciais como Lucas Moura \u00e9 de suma import\u00e2ncia para o sucesso do S\u00e3o Paulo no torneio. Jogadores recuperados costumam voltar com uma nova perspectiva e motiva\u00e7\u00e3o para ajudar a equipe a vencer desafios. Al\u00e9m disso, a presen\u00e7a de atletas em plena forma f\u00edsica pode elevar a moral de todo o elenco, criando uma atmosfera positiva que pode impulsionar o desempenho coletivo em campo. Essa din\u00e2mica, se bem aplicada, poder\u00e1 proporcionar ao S\u00e3o Paulo melhores resultados e, potencialmente, uma subida significativa na classifica\u00e7\u00e3o do campeonato.<\/p>\n\n<div style=\"font-size: 0px; height: 0px; line-height: 0px; margin: 0; padding: 0; clear: both;\"><\/div>","protected":false},"excerpt":{"rendered":"<p>Domingos Duarte treina firme e Lucas retoma os gramados no S\u00e3o Paulo.<\/p>\n","protected":false},"author":1,"featured_media":4518,"comment_status":"open","ping_status":"closed","sticky":false,"template":"","format":"standard","meta":{"footnotes":""},"categories":[6],"tags":[],"class_list":["post-4519","post","type-post","status-publish","format-standard","has-post-thumbnail","hentry","category-noticias-na-barra-funda","has_thumb"],"aioseo_notices":[],"aioseo_head":"\n\t\t<!-- All in One SEO 5.0.0.1 - aioseo.com -->\n\t<meta name=\"description\" content=\"Domingos Duarte treina firme e Lucas retoma os gramados no S\u00e3o Paulo.\" \/>\n\t<meta name=\"robots\" content=\"max-image-preview:large\" \/>\n\t<meta name=\"author\" content=\"Encontra Barra Funda\"\/>\n\t<link rel=\"canonical\" href=\"https:\/\/www.encontrabarrafunda.com.br\/sobre\/sao-paulo-domingos-duarte-treina-e-lucas-volta-ao-campo\/\" \/>\n\t<meta name=\"generator\" content=\"All in One SEO (AIOSEO) 5.0.0.1\" \/>\n\t\t<meta property=\"og:locale\" content=\"pt_BR\" \/>\n\t\t<meta property=\"og:site_name\" content=\"Encontra Barra Funda - Not\u00edcias, eventos, informa\u00e7\u00f5es e dicas no bairro da Barra Funda e regi\u00e3o.\" \/>\n\t\t<meta property=\"og:type\" content=\"article\" \/>\n\t\t<meta property=\"og:title\" content=\"S\u00e3o Paulo: Domingos Duarte treina e Lucas volta ao campo - Encontra Barra Funda\" \/>\n\t\t<meta property=\"og:description\" content=\"Domingos Duarte treina firme e Lucas retoma os gramados no S\u00e3o Paulo.\" \/>\n\t\t<meta property=\"og:url\" content=\"https:\/\/www.encontrabarrafunda.com.br\/sobre\/sao-paulo-domingos-duarte-treina-e-lucas-volta-ao-campo\/\" \/>\n\t\t<meta property=\"article:published_time\" content=\"2026-09-03T10:04:25+00:00\" \/>\n\t\t<meta property=\"article:modified_time\" content=\"2026-09-03T10:04:25+00:00\" \/>\n\t\t<meta name=\"twitter:card\" content=\"summary_large_image\" \/>\n\t\t<meta name=\"twitter:title\" content=\"S\u00e3o Paulo: Domingos Duarte treina e Lucas volta ao campo - Encontra Barra Funda\" \/>\n\t\t<meta name=\"twitter:description\" content=\"Domingos Duarte treina firme e Lucas retoma os gramados no S\u00e3o Paulo.\" \/>\n\t\t<script type=\"application\/ld+json\" class=\"aioseo-schema\">\n\t\t\t{\"@context\":\"https:\\\/\\\/schema.org\",\"@graph\":[{\"@type\":\"BlogPosting\",\"@id\":\"https:\\\/\\\/www.encontrabarrafunda.com.br\\\/sobre\\\/sao-paulo-domingos-duarte-treina-e-lucas-volta-ao-campo\\\/#blogposting\",\"name\":\"S\\u00e3o Paulo: Domingos Duarte treina e Lucas volta ao campo - Encontra Barra Funda\",\"headline\":\"S\\u00e3o Paulo: Domingos Duarte treina e Lucas volta ao campo\",\"author\":{\"@id\":\"https:\\\/\\\/www.encontrabarrafunda.com.br\\\/sobre\\\/author\\\/ebarrafunda\\\/#author\"},\"publisher\":{\"@id\":\"https:\\\/\\\/www.encontrabarrafunda.com.br\\\/sobre\\\/#organization\"},\"image\":{\"@type\":\"ImageObject\",\"url\":\"https:\\\/\\\/www.encontrabarrafunda.com.br\\\/sobre\\\/wp-content\\\/uploads\\\/2026\\\/09\\\/sao-paulo-domingos-duarte-treina-e-lucas-volta-ao-campo.webp\",\"width\":280,\"height\":280,\"caption\":\"Domingos Duarte\"},\"datePublished\":\"2026-09-03T07:04:25-03:00\",\"dateModified\":\"2026-09-03T07:04:25-03:00\",\"inLanguage\":\"pt-BR\",\"mainEntityOfPage\":{\"@id\":\"https:\\\/\\\/www.encontrabarrafunda.com.br\\\/sobre\\\/sao-paulo-domingos-duarte-treina-e-lucas-volta-ao-campo\\\/#webpage\"},\"isPartOf\":{\"@id\":\"https:\\\/\\\/www.encontrabarrafunda.com.br\\\/sobre\\\/sao-paulo-domingos-duarte-treina-e-lucas-volta-ao-campo\\\/#webpage\"},\"articleSection\":\"Not\\u00edcias Barra Funda\"},{\"@type\":\"BreadcrumbList\",\"@id\":\"https:\\\/\\\/www.encontrabarrafunda.com.br\\\/sobre\\\/sao-paulo-domingos-duarte-treina-e-lucas-volta-ao-campo\\\/#breadcrumblist\",\"itemListElement\":[{\"@type\":\"ListItem\",\"@id\":\"https:\\\/\\\/www.encontrabarrafunda.com.br\\\/sobre#listItem\",\"position\":1,\"name\":\"In\\u00edcio\",\"item\":\"https:\\\/\\\/www.encontrabarrafunda.com.br\\\/sobre\",\"nextItem\":{\"@type\":\"ListItem\",\"@id\":\"https:\\\/\\\/www.encontrabarrafunda.com.br\\\/sobre\\\/noticias-na-barra-funda\\\/#listItem\",\"name\":\"Not\\u00edcias Barra Funda\"}},{\"@type\":\"ListItem\",\"@id\":\"https:\\\/\\\/www.encontrabarrafunda.com.br\\\/sobre\\\/noticias-na-barra-funda\\\/#listItem\",\"position\":2,\"name\":\"Not\\u00edcias Barra Funda\",\"item\":\"https:\\\/\\\/www.encontrabarrafunda.com.br\\\/sobre\\\/noticias-na-barra-funda\\\/\",\"nextItem\":{\"@type\":\"ListItem\",\"@id\":\"https:\\\/\\\/www.encontrabarrafunda.com.br\\\/sobre\\\/sao-paulo-domingos-duarte-treina-e-lucas-volta-ao-campo\\\/#listItem\",\"name\":\"S\\u00e3o Paulo: Domingos Duarte treina e Lucas volta ao campo\"},\"previousItem\":{\"@type\":\"ListItem\",\"@id\":\"https:\\\/\\\/www.encontrabarrafunda.com.br\\\/sobre#listItem\",\"name\":\"In\\u00edcio\"}},{\"@type\":\"ListItem\",\"@id\":\"https:\\\/\\\/www.encontrabarrafunda.com.br\\\/sobre\\\/sao-paulo-domingos-duarte-treina-e-lucas-volta-ao-campo\\\/#listItem\",\"position\":3,\"name\":\"S\\u00e3o Paulo: Domingos Duarte treina e Lucas volta ao campo\",\"previousItem\":{\"@type\":\"ListItem\",\"@id\":\"https:\\\/\\\/www.encontrabarrafunda.com.br\\\/sobre\\\/noticias-na-barra-funda\\\/#listItem\",\"name\":\"Not\\u00edcias Barra Funda\"}}]},{\"@type\":\"Organization\",\"@id\":\"https:\\\/\\\/www.encontrabarrafunda.com.br\\\/sobre\\\/#organization\",\"name\":\"Encontra Barra Funda\",\"description\":\"Not\\u00edcias, eventos, informa\\u00e7\\u00f5es e dicas no bairro da Barra Funda e regi\\u00e3o.\",\"url\":\"https:\\\/\\\/www.encontrabarrafunda.com.br\\\/sobre\\\/\"},{\"@type\":\"Person\",\"@id\":\"https:\\\/\\\/www.encontrabarrafunda.com.br\\\/sobre\\\/author\\\/ebarrafunda\\\/#author\",\"url\":\"https:\\\/\\\/www.encontrabarrafunda.com.br\\\/sobre\\\/author\\\/ebarrafunda\\\/\",\"name\":\"Encontra Barra Funda\",\"image\":{\"@type\":\"ImageObject\",\"@id\":\"https:\\\/\\\/www.encontrabarrafunda.com.br\\\/sobre\\\/sao-paulo-domingos-duarte-treina-e-lucas-volta-ao-campo\\\/#authorImage\",\"url\":\"https:\\\/\\\/secure.gravatar.com\\\/avatar\\\/507340682b8270222e1f208e23198b6ae7e2c6a1033ae84e99bc6bce4f82a387?s=96&d=mm&r=g\",\"width\":96,\"height\":96,\"caption\":\"Encontra Barra Funda\"}},{\"@type\":\"WebPage\",\"@id\":\"https:\\\/\\\/www.encontrabarrafunda.com.br\\\/sobre\\\/sao-paulo-domingos-duarte-treina-e-lucas-volta-ao-campo\\\/#webpage\",\"url\":\"https:\\\/\\\/www.encontrabarrafunda.com.br\\\/sobre\\\/sao-paulo-domingos-duarte-treina-e-lucas-volta-ao-campo\\\/\",\"name\":\"S\\u00e3o Paulo: Domingos Duarte treina e Lucas volta ao campo - Encontra Barra Funda\",\"description\":\"Domingos Duarte treina firme e Lucas retoma os gramados no S\\u00e3o Paulo.\",\"inLanguage\":\"pt-BR\",\"isPartOf\":{\"@id\":\"https:\\\/\\\/www.encontrabarrafunda.com.br\\\/sobre\\\/#website\"},\"breadcrumb\":{\"@id\":\"https:\\\/\\\/www.encontrabarrafunda.com.br\\\/sobre\\\/sao-paulo-domingos-duarte-treina-e-lucas-volta-ao-campo\\\/#breadcrumblist\"},\"author\":{\"@id\":\"https:\\\/\\\/www.encontrabarrafunda.com.br\\\/sobre\\\/author\\\/ebarrafunda\\\/#author\"},\"creator\":{\"@id\":\"https:\\\/\\\/www.encontrabarrafunda.com.br\\\/sobre\\\/author\\\/ebarrafunda\\\/#author\"},\"image\":{\"@type\":\"ImageObject\",\"url\":\"https:\\\/\\\/www.encontrabarrafunda.com.br\\\/sobre\\\/wp-content\\\/uploads\\\/2026\\\/09\\\/sao-paulo-domingos-duarte-treina-e-lucas-volta-ao-campo.webp\",\"@id\":\"https:\\\/\\\/www.encontrabarrafunda.com.br\\\/sobre\\\/sao-paulo-domingos-duarte-treina-e-lucas-volta-ao-campo\\\/#mainImage\",\"width\":280,\"height\":280,\"caption\":\"Domingos Duarte\"},\"primaryImageOfPage\":{\"@id\":\"https:\\\/\\\/www.encontrabarrafunda.com.br\\\/sobre\\\/sao-paulo-domingos-duarte-treina-e-lucas-volta-ao-campo\\\/#mainImage\"},\"datePublished\":\"2026-09-03T07:04:25-03:00\",\"dateModified\":\"2026-09-03T07:04:25-03:00\"},{\"@type\":\"WebSite\",\"@id\":\"https:\\\/\\\/www.encontrabarrafunda.com.br\\\/sobre\\\/#website\",\"url\":\"https:\\\/\\\/www.encontrabarrafunda.com.br\\\/sobre\\\/\",\"name\":\"Encontra Barra Funda\",\"description\":\"Not\\u00edcias, eventos, informa\\u00e7\\u00f5es e dicas no bairro da Barra Funda e regi\\u00e3o.\",\"inLanguage\":\"pt-BR\",\"publisher\":{\"@id\":\"https:\\\/\\\/www.encontrabarrafunda.com.br\\\/sobre\\\/#organization\"}}]}\n\t\t<\/script>\n\t\t<!-- All in One SEO -->\n\n","aioseo_head_json":{"title":"S\u00e3o Paulo: Domingos Duarte treina e Lucas volta ao campo - Encontra Barra Funda","description":"Domingos Duarte treina firme e Lucas retoma os gramados no S\u00e3o Paulo.","canonical_url":"https:\/\/www.encontrabarrafunda.com.br\/sobre\/sao-paulo-domingos-duarte-treina-e-lucas-volta-ao-campo\/","robots":"max-image-preview:large","keywords":"","webmasterTools":{"miscellaneous":""},"schema":{"@context":"https:\/\/schema.org","@graph":[{"@type":"BlogPosting","@id":"https:\/\/www.encontrabarrafunda.com.br\/sobre\/sao-paulo-domingos-duarte-treina-e-lucas-volta-ao-campo\/#blogposting","name":"S\u00e3o Paulo: Domingos Duarte treina e Lucas volta ao campo - Encontra Barra Funda","headline":"S\u00e3o Paulo: Domingos Duarte treina e Lucas volta ao campo","author":{"@id":"https:\/\/www.encontrabarrafunda.com.br\/sobre\/author\/ebarrafunda\/#author"},"publisher":{"@id":"https:\/\/www.encontrabarrafunda.com.br\/sobre\/#organization"},"image":{"@type":"ImageObject","url":"https:\/\/www.encontrabarrafunda.com.br\/sobre\/wp-content\/uploads\/2026\/09\/sao-paulo-domingos-duarte-treina-e-lucas-volta-ao-campo.webp","width":280,"height":280,"caption":"Domingos Duarte"},"datePublished":"2026-09-03T07:04:25-03:00","dateModified":"2026-09-03T07:04:25-03:00","inLanguage":"pt-BR","mainEntityOfPage":{"@id":"https:\/\/www.encontrabarrafunda.com.br\/sobre\/sao-paulo-domingos-duarte-treina-e-lucas-volta-ao-campo\/#webpage"},"isPartOf":{"@id":"https:\/\/www.encontrabarrafunda.com.br\/sobre\/sao-paulo-domingos-duarte-treina-e-lucas-volta-ao-campo\/#webpage"},"articleSection":"Not\u00edcias Barra Funda"},{"@type":"BreadcrumbList","@id":"https:\/\/www.encontrabarrafunda.com.br\/sobre\/sao-paulo-domingos-duarte-treina-e-lucas-volta-ao-campo\/#breadcrumblist","itemListElement":[{"@type":"ListItem","@id":"https:\/\/www.encontrabarrafunda.com.br\/sobre#listItem","position":1,"name":"In\u00edcio","item":"https:\/\/www.encontrabarrafunda.com.br\/sobre","nextItem":{"@type":"ListItem","@id":"https:\/\/www.encontrabarrafunda.com.br\/sobre\/noticias-na-barra-funda\/#listItem","name":"Not\u00edcias Barra Funda"}},{"@type":"ListItem","@id":"https:\/\/www.encontrabarrafunda.com.br\/sobre\/noticias-na-barra-funda\/#listItem","position":2,"name":"Not\u00edcias Barra Funda","item":"https:\/\/www.encontrabarrafunda.com.br\/sobre\/noticias-na-barra-funda\/","nextItem":{"@type":"ListItem","@id":"https:\/\/www.encontrabarrafunda.com.br\/sobre\/sao-paulo-domingos-duarte-treina-e-lucas-volta-ao-campo\/#listItem","name":"S\u00e3o Paulo: Domingos Duarte treina e Lucas volta ao campo"},"previousItem":{"@type":"ListItem","@id":"https:\/\/www.encontrabarrafunda.com.br\/sobre#listItem","name":"In\u00edcio"}},{"@type":"ListItem","@id":"https:\/\/www.encontrabarrafunda.com.br\/sobre\/sao-paulo-domingos-duarte-treina-e-lucas-volta-ao-campo\/#listItem","position":3,"name":"S\u00e3o Paulo: Domingos Duarte treina e Lucas volta ao campo","previousItem":{"@type":"ListItem","@id":"https:\/\/www.encontrabarrafunda.com.br\/sobre\/noticias-na-barra-funda\/#listItem","name":"Not\u00edcias Barra Funda"}}]},{"@type":"Organization","@id":"https:\/\/www.encontrabarrafunda.com.br\/sobre\/#organization","name":"Encontra Barra Funda","description":"Not\u00edcias, eventos, informa\u00e7\u00f5es e dicas no bairro da Barra Funda e regi\u00e3o.","url":"https:\/\/www.encontrabarrafunda.com.br\/sobre\/"},{"@type":"Person","@id":"https:\/\/www.encontrabarrafunda.com.br\/sobre\/author\/ebarrafunda\/#author","url":"https:\/\/www.encontrabarrafunda.com.br\/sobre\/author\/ebarrafunda\/","name":"Encontra Barra Funda","image":{"@type":"ImageObject","@id":"https:\/\/www.encontrabarrafunda.com.br\/sobre\/sao-paulo-domingos-duarte-treina-e-lucas-volta-ao-campo\/#authorImage","url":"https:\/\/secure.gravatar.com\/avatar\/507340682b8270222e1f208e23198b6ae7e2c6a1033ae84e99bc6bce4f82a387?s=96&d=mm&r=g","width":96,"height":96,"caption":"Encontra Barra Funda"}},{"@type":"WebPage","@id":"https:\/\/www.encontrabarrafunda.com.br\/sobre\/sao-paulo-domingos-duarte-treina-e-lucas-volta-ao-campo\/#webpage","url":"https:\/\/www.encontrabarrafunda.com.br\/sobre\/sao-paulo-domingos-duarte-treina-e-lucas-volta-ao-campo\/","name":"S\u00e3o Paulo: Domingos Duarte treina e Lucas volta ao campo - Encontra Barra Funda","description":"Domingos Duarte treina firme e Lucas retoma os gramados no S\u00e3o Paulo.","inLanguage":"pt-BR","isPartOf":{"@id":"https:\/\/www.encontrabarrafunda.com.br\/sobre\/#website"},"breadcrumb":{"@id":"https:\/\/www.encontrabarrafunda.com.br\/sobre\/sao-paulo-domingos-duarte-treina-e-lucas-volta-ao-campo\/#breadcrumblist"},"author":{"@id":"https:\/\/www.encontrabarrafunda.com.br\/sobre\/author\/ebarrafunda\/#author"},"creator":{"@id":"https:\/\/www.encontrabarrafunda.com.br\/sobre\/author\/ebarrafunda\/#author"},"image":{"@type":"ImageObject","url":"https:\/\/www.encontrabarrafunda.com.br\/sobre\/wp-content\/uploads\/2026\/09\/sao-paulo-domingos-duarte-treina-e-lucas-volta-ao-campo.webp","@id":"https:\/\/www.encontrabarrafunda.com.br\/sobre\/sao-paulo-domingos-duarte-treina-e-lucas-volta-ao-campo\/#mainImage","width":280,"height":280,"caption":"Domingos Duarte"},"primaryImageOfPage":{"@id":"https:\/\/www.encontrabarrafunda.com.br\/sobre\/sao-paulo-domingos-duarte-treina-e-lucas-volta-ao-campo\/#mainImage"},"datePublished":"2026-09-03T07:04:25-03:00","dateModified":"2026-09-03T07:04:25-03:00"},{"@type":"WebSite","@id":"https:\/\/www.encontrabarrafunda.com.br\/sobre\/#website","url":"https:\/\/www.encontrabarrafunda.com.br\/sobre\/","name":"Encontra Barra Funda","description":"Not\u00edcias, eventos, informa\u00e7\u00f5es e dicas no bairro da Barra Funda e regi\u00e3o.","inLanguage":"pt-BR","publisher":{"@id":"https:\/\/www.encontrabarrafunda.com.br\/sobre\/#organization"}}]},"og:locale":"pt_BR","og:site_name":"Encontra Barra Funda - Not\u00edcias, eventos, informa\u00e7\u00f5es e dicas no bairro da Barra Funda e regi\u00e3o.","og:type":"article","og:title":"S\u00e3o Paulo: Domingos Duarte treina e Lucas volta ao campo - Encontra Barra Funda","og:description":"Domingos Duarte treina firme e Lucas retoma os gramados no S\u00e3o Paulo.","og:url":"https:\/\/www.encontrabarrafunda.com.br\/sobre\/sao-paulo-domingos-duarte-treina-e-lucas-volta-ao-campo\/","article:published_time":"2026-09-03T10:04:25+00:00","article:modified_time":"2026-09-03T10:04:25+00:00","twitter:card":"summary_large_image","twitter:title":"S\u00e3o Paulo: Domingos Duarte treina e Lucas volta ao campo - Encontra Barra Funda","twitter:description":"Domingos Duarte treina firme e Lucas retoma os gramados no S\u00e3o Paulo."},"aioseo_meta_data":{"post_id":"4519","title":null,"description":null,"keywords":null,"keyphrases":null,"primary_term":null,"canonical_url":null,"og_title":null,"og_description":null,"og_object_type":"default","og_image_type":"default","og_image_url":null,"og_image_width":null,"og_image_height":null,"og_image_custom_url":null,"og_image_custom_fields":null,"og_video":null,"og_custom_url":null,"og_article_section":null,"og_article_tags":null,"twitter_use_og":false,"twitter_card":"default","twitter_image_type":"default","twitter_image_url":null,"twitter_image_custom_url":null,"twitter_image_custom_fields":null,"twitter_title":null,"twitter_description":null,"schema":{"blockGraphs":[],"customGraphs":[],"default":{"data":{"Article":[],"Course":[],"Dataset":[],"FAQPage":[],"Movie":[],"Person":[],"Product":[],"ProductReview":[],"Car":[],"Recipe":[],"Service":[],"SoftwareApplication":[],"WebPage":[]},"graphName":"BlogPosting","isEnabled":true},"graphs":[]},"schema_type":"default","schema_type_options":null,"pillar_content":false,"robots_default":true,"robots_noindex":false,"robots_noarchive":false,"robots_nosnippet":false,"robots_nofollow":false,"robots_noimageindex":false,"robots_noodp":false,"robots_notranslate":false,"robots_max_snippet":null,"robots_max_videopreview":null,"robots_max_imagepreview":"large","priority":null,"frequency":null,"local_seo":null,"breadcrumb_settings":null,"limit_modified_date":false,"ai":null,"created":"2026-09-03 10:04:26","updated":"2026-09-03 11:13:30","focus_keyword":null,"additional_keywords":null,"truseo_locale":null,"seo_analyzer_scan_date":null},"aioseo_breadcrumb":"<div class=\"aioseo-breadcrumbs\"><span class=\"aioseo-breadcrumb\">\n\t\t\t<a href=\"https:\/\/www.encontrabarrafunda.com.br\/sobre\" title=\"In\u00edcio\">In\u00edcio<\/a>\n\t\t<\/span><span class=\"aioseo-breadcrumb-separator\">&raquo;<\/span><span class=\"aioseo-breadcrumb\">\n\t\t\t<a href=\"https:\/\/www.encontrabarrafunda.com.br\/sobre\/noticias-na-barra-funda\/\" title=\"Not\u00edcias Barra Funda\">Not\u00edcias Barra Funda<\/a>\n\t\t<\/span><span class=\"aioseo-breadcrumb-separator\">&raquo;<\/span><span class=\"aioseo-breadcrumb\">\n\t\t\tS\u00e3o Paulo: Domingos Duarte treina e Lucas volta ao campo\n\t\t<\/span><\/div>","aioseo_breadcrumb_json":[{"label":"In\u00edcio","link":"https:\/\/www.encontrabarrafunda.com.br\/sobre"},{"label":"Not\u00edcias Barra Funda","link":"https:\/\/www.encontrabarrafunda.com.br\/sobre\/noticias-na-barra-funda\/"},{"label":"S\u00e3o Paulo: Domingos Duarte treina e Lucas volta ao campo","link":"https:\/\/www.encontrabarrafunda.com.br\/sobre\/sao-paulo-domingos-duarte-treina-e-lucas-volta-ao-campo\/"}],"_links":{"self":[{"href":"https:\/\/www.encontrabarrafunda.com.br\/sobre\/wp-json\/wp\/v2\/posts\/4519","targetHints":{"allow":["GET"]}}],"collection":[{"href":"https:\/\/www.encontrabarrafunda.com.br\/sobre\/wp-json\/wp\/v2\/posts"}],"about":[{"href":"https:\/\/www.encontrabarrafunda.com.br\/sobre\/wp-json\/wp\/v2\/types\/post"}],"author":[{"embeddable":true,"href":"https:\/\/www.encontrabarrafunda.com.br\/sobre\/wp-json\/wp\/v2\/users\/1"}],"replies":[{"embeddable":true,"href":"https:\/\/www.encontrabarrafunda.com.br\/sobre\/wp-json\/wp\/v2\/comments?post=4519"}],"version-history":[{"count":0,"href":"https:\/\/www.encontrabarrafunda.com.br\/sobre\/wp-json\/wp\/v2\/posts\/4519\/revisions"}],"wp:featuredmedia":[{"embeddable":true,"href":"https:\/\/www.encontrabarrafunda.com.br\/sobre\/wp-json\/wp\/v2\/media\/4518"}],"wp:attachment":[{"href":"https:\/\/www.encontrabarrafunda.com.br\/sobre\/wp-json\/wp\/v2\/media?parent=4519"}],"wp:term":[{"taxonomy":"category","embeddable":true,"href":"https:\/\/www.encontrabarrafunda.com.br\/sobre\/wp-json\/wp\/v2\/categories?post=4519"},{"taxonomy":"post_tag","embeddable":true,"href":"https:\/\/www.encontrabarrafunda.com.br\/sobre\/wp-json\/wp\/v2\/tags?post=4519"}],"curies":[{"name":"wp","href":"https:\/\/api.w.org\/{rel}","templated":true}]}}