{"id":4525,"date":"2026-09-04T07:03:48","date_gmt":"2026-09-04T10:03:48","guid":{"rendered":"https:\/\/www.encontrabarrafunda.com.br\/sobre\/agenda-cultural\/"},"modified":"2026-09-04T07:03:48","modified_gmt":"2026-09-04T10:03:48","slug":"agenda-cultural","status":"publish","type":"post","link":"https:\/\/www.encontrabarrafunda.com.br\/sobre\/agenda-cultural\/","title":{"rendered":"Agenda Cultural"},"content":{"rendered":"<div class=\"7c2b2ddf12efdbbbe85a507d14b9627a\" data-index=\"1\" style=\"float: none; margin:0px;\">\n<!-- Anuncio display - global -->\r\n<ins class=\"adsbygoogle\"\r\n     style=\"display:block\"\r\n     data-ad-client=\"ca-pub-8585364105181520\"\r\n     data-ad-slot=\"8789329856\"\r\n     data-ad-format=\"auto\"\r\n     data-full-width-responsive=\"true\"><\/ins>\r\n<script>\r\n     (adsbygoogle = window.adsbygoogle || []).push({});\r\n<\/script>\n<\/div>\n<h2>O que esperar da ArtRio 2026<\/h2>\n<p>A ArtRio, que chega \u00e0 sua 16\u00aa edi\u00e7\u00e3o, ser\u00e1 realizada entre os dias 16 e 20 de setembro de 2026 na AXIA Marina da Gl\u00f3ria, no Rio de Janeiro. Este evento anual \u00e9 reconhecido por reunir galerias, artistas e apreciadores da arte contempor\u00e2nea em um ambiente vibrante e din\u00e2mico.<\/p>\n<p>A feira tem como objetivo n\u00e3o s\u00f3 exibir obras de arte, mas tamb\u00e9m promover interc\u00e2mbio cultural e di\u00e1logo entre diferentes express\u00f5es art\u00edsticas. Os visitantes podem esperar uma variedade impressionante de exposi\u00e7\u00f5es, performances e atividades interativas ao longo do evento.<\/p>\n<h2>Expositores de Destaque na Feira<\/h2>\n<p>Na ArtRio 2026, v\u00e1rias galerias renomadas estar\u00e3o presentes, trazendo artistas de destaque e suas obras. Este ano, uma \u00eanfase especial ser\u00e1 dada a grupos emergentes e a artistas que desafiam as conven\u00e7\u00f5es, representando diversidade e inova\u00e7\u00e3o. A sele\u00e7\u00e3o de expositores inclui:<\/p>\n<p><img decoding=\"async\" src=\"https:\/\/www.encontrabarrafunda.com.br\/sobre\/wp-content\/uploads\/2026\/09\/agenda-cultural.webp\" alt=\"ArtRio\" loading=\"lazy\" \/><\/p>\n<ul>\n<li><strong>Galeria A<\/strong> &#8211; Focada em artistas contempor\u00e2neos de renome, que trazem uma vis\u00e3o cr\u00edtica sobre a sociedade.<\/li>\n<li><strong>Galeria B<\/strong> &#8211; Conhecida por sua curadoria de novas vozes e propostas avant-garde.<\/li>\n<li><strong>Galeria C<\/strong> &#8211; Destaca artistas que utilizam materiais sustent\u00e1veis e t\u00e9cnicas inovadoras.<\/li>\n<\/ul>\n<p>Essas galerias, entre outras, comp\u00f5em um panorama diversificado que promove a riqueza da arte contempor\u00e2nea.<\/p>\n<h2>Atividades Culturais na ArtRio<\/h2>\n<p>A programa\u00e7\u00e3o cultural da ArtRio \u00e9 t\u00e3o vibrante quanto a pr\u00f3pria feira. Os visitantes poder\u00e3o participar de uma variedade de atividades, que incluem:<\/p>\n<ul>\n<li><strong>Palestras e Debates:<\/strong> Renomados cr\u00edticos de arte e artistas discutem as tend\u00eancias atuais e o futuro da arte contempor\u00e2nea.<\/li>\n<li><strong>Workshops:<\/strong> Atividades pr\u00e1ticas onde os participantes podem experimentar diferentes t\u00e9cnicas art\u00edsticas.<\/li>\n<li><strong>Visitas Guiadas:<\/strong> Tours com curadores que proporcionam uma vis\u00e3o aprofundada sobre as obras expostas.<\/li>\n<\/ul>\n<p>Essas experi\u00eancias criativas visam enriquecer a compreens\u00e3o e o envolvimento dos visitantes com a arte.<\/p>\n<h2>A Experi\u00eancia dos Visitantes<\/h2>\n<p>Participar da ArtRio \u00e9 uma experi\u00eancia \u00fanica que vai al\u00e9m da simples observa\u00e7\u00e3o de obras. Os participantes elogiam o ambiente acolhedor e a oportunidade de interagir com artistas e curadores. A feira oferece um espa\u00e7o prop\u00edcio para a reflex\u00e3o e aprecia\u00e7\u00e3o da arte, permitindo que os visitantes:<\/p>\n<ul>\n<li><strong>Conectem-se:<\/strong> Interagir diretamente com artistas e especialistas do setor.<\/li>\n<li><strong>Aprendam:<\/strong> Expandir seus conhecimentos sobre o mundo da arte atrav\u00e9s de diversas atividades.<\/li>\n<li><strong>Inspirem-se:<\/strong> Descobrir novas correntes art\u00edsticas e inova\u00e7\u00f5es criativas.<\/li>\n<\/ul>\n<p>A atmosfera dos eventos enriquece a experi\u00eancia, tornando cada visita memor\u00e1vel.<\/p>\n<h2>Como Participar da ArtRio<\/h2>\n<p>Para participar da ArtRio, seja como visitante ou expositor, existem algumas etapas pr\u00e1ticas a seguir:<\/p>\n<ul>\n<li><strong>Ingressos:<\/strong> Os interessados devem adquirir ingressos online atrav\u00e9s do site oficial ou na bilheteria do evento.<\/li>\n<li><strong>Expositores:<\/strong> Para galerias e artistas, \u00e9 necess\u00e1rio enviar propostas para a curadoria da feira, respeitando os prazos e diretrizes estabelecidas.<\/li>\n<\/ul>\n<p>Al\u00e9m disso, a ArtRio oferece pacotes de entrada para grupos e estudantes, visando aumentar a acessibilidade e fomentar o p\u00fablico jovem.<\/p>\n<h2>A Hist\u00f3ria da ArtRio<\/h2>\n<p>Desde sua primeira edi\u00e7\u00e3o, a ArtRio tem se consolidado como um dos principais eventos de arte contempor\u00e2nea na Am\u00e9rica Latina. Iniciada em 2011, a feira cresceu significativamente em tamanho e prest\u00edgio, atraindo artistas, colecionadores e amantes da arte de todo o mundo. Ao longo dos anos, a ArtRio tem se adaptado \u00e0s mudan\u00e7as no cen\u00e1rio art\u00edstico e cultural, promovendo sempre a inova\u00e7\u00e3o e a diversidade art\u00edstica.<\/p>\n<h2>A Import\u00e2ncia da Arte Contempor\u00e2nea<\/h2>\n<p>A arte contempor\u00e2nea desempenha um papel crucial na sociedade atual. Ela n\u00e3o apenas reflete as quest\u00f5es sociais, econ\u00f4micas e pol\u00edticas do presente, mas tamb\u00e9m desafia a forma como pensamos sobre o mundo. A ArtRio se dedica a mostrar a relev\u00e2ncia da arte contempor\u00e2nea, fomentando discuss\u00f5es que provocam pensamentos cr\u00edticos e expandem horizontes.<\/p>\n<p>A presen\u00e7a de artistas de diferentes origens e perspectivas contribui para uma conversa mais rica e inclusiva.<\/p>\n<h2>Eventos Paralelos \u00e0 ArtRio<\/h2>\n<p>Durante a ArtRio, diversos eventos paralelos acontecem na cidade, ampliando o alcance da feira. Essas iniciativas incluem:<\/p>\n<ul>\n<li><strong>Exibi\u00e7\u00f5es em Museus:<\/strong> V\u00e1rios museus e centros culturais promovem exposi\u00e7\u00f5es que complementam a tem\u00e1tica da feira.<\/li>\n<li><strong>Visitas a Est\u00fadios:<\/strong> Artistas locais abrem suas portas para visitas guiadas.<\/li>\n<li><strong>Festas e Networking:<\/strong> Eventos noturnos que favorecem o encontro entre artistas, colecionadores e o p\u00fablico.<\/li>\n<\/ul>\n<p>Essas atividades s\u00e3o excelentes oportunidades para uma imers\u00e3o completa no universo da arte.<\/p>\n<h2>Dicas para Aproveitar ao M\u00e1ximo a Feira<\/h2>\n<p>Para aqueles que desejam tirar o m\u00e1ximo proveito da ArtRio 2026, aqui est\u00e3o algumas dicas:<\/p>\n<ul>\n<li><strong>Planejamento:<\/strong> Verifique a programa\u00e7\u00e3o do evento com anteced\u00eancia e selecione as atividades que mais lhe interessam.<\/li>\n<li><strong>Chegada Cedo:<\/strong> Chegar cedo para evitar filas e aproveitar ao m\u00e1ximo a feira.<\/li>\n<li><strong>Networking:<\/strong> Aproveitar as oportunidades de se conectar com outros participantes e profissionais do setor.<\/li>\n<li><strong>Documenta\u00e7\u00e3o:<\/strong> Traga um caderno ou dispositivo para anotar ideias e impress\u00f5es sobre as obras e atividades.<\/li>\n<\/ul>\n<p>Essas pr\u00e1ticas ajudam a garantir que cada visitante tenha uma experi\u00eancia enriquecedora.<\/p>\n<h2>O Futuro da ArtRio e Suas Inova\u00e7\u00f5es<\/h2>\n<p>O futuro da ArtRio promete ser ainda mais empolgante, com inova\u00e7\u00f5es planejadas para manter o evento relevante e atraente. Entre as inova\u00e7\u00f5es esperadas, est\u00e3o a incorpora\u00e7\u00e3o de tecnologias digitais e interativas, que permitir\u00e3o uma nova forma de intera\u00e7\u00e3o com as obras de arte. Al\u00e9m disso, h\u00e1 um forte compromisso com pr\u00e1ticas sustent\u00e1veis e a inclus\u00e3o da arte no espa\u00e7o p\u00fablico.<\/p>\n<p>Essas iniciativas refletem n\u00e3o s\u00f3 a evolu\u00e7\u00e3o da arte e sua apresenta\u00e7\u00e3o, mas tamb\u00e9m a miss\u00e3o da ArtRio de ser um agente de transforma\u00e7\u00e3o cultural e social.<\/p>\n\n<div style=\"font-size: 0px; height: 0px; line-height: 0px; margin: 0; padding: 0; clear: both;\"><\/div>","protected":false},"excerpt":{"rendered":"<p>ArtRio \u00e9 a feira de arte imperd\u00edvel no Rio de Janeiro em setembro.<\/p>\n","protected":false},"author":1,"featured_media":4524,"comment_status":"open","ping_status":"closed","sticky":false,"template":"","format":"standard","meta":{"footnotes":""},"categories":[15],"tags":[],"class_list":["post-4525","post","type-post","status-publish","format-standard","has-post-thumbnail","hentry","category-cultura-na-barra-funda","has_thumb"],"aioseo_notices":[],"aioseo_head":"\n\t\t<!-- All in One SEO 5.0.0.1 - aioseo.com -->\n\t<meta name=\"description\" content=\"ArtRio \u00e9 a feira de arte imperd\u00edvel no Rio de Janeiro em setembro.\" \/>\n\t<meta name=\"robots\" content=\"max-image-preview:large\" \/>\n\t<meta name=\"author\" content=\"Encontra Barra Funda\"\/>\n\t<link rel=\"canonical\" href=\"https:\/\/www.encontrabarrafunda.com.br\/sobre\/agenda-cultural\/\" \/>\n\t<meta name=\"generator\" content=\"All in One SEO (AIOSEO) 5.0.0.1\" \/>\n\t\t<meta property=\"og:locale\" content=\"pt_BR\" \/>\n\t\t<meta property=\"og:site_name\" content=\"Encontra Barra Funda - Not\u00edcias, eventos, informa\u00e7\u00f5es e dicas no bairro da Barra Funda e regi\u00e3o.\" \/>\n\t\t<meta property=\"og:type\" content=\"article\" \/>\n\t\t<meta property=\"og:title\" content=\"Agenda Cultural - Encontra Barra Funda\" \/>\n\t\t<meta property=\"og:description\" content=\"ArtRio \u00e9 a feira de arte imperd\u00edvel no Rio de Janeiro em setembro.\" \/>\n\t\t<meta property=\"og:url\" content=\"https:\/\/www.encontrabarrafunda.com.br\/sobre\/agenda-cultural\/\" \/>\n\t\t<meta property=\"article:published_time\" content=\"2026-09-04T10:03:48+00:00\" \/>\n\t\t<meta property=\"article:modified_time\" content=\"2026-09-04T10:03:48+00:00\" \/>\n\t\t<meta name=\"twitter:card\" content=\"summary_large_image\" \/>\n\t\t<meta name=\"twitter:title\" content=\"Agenda Cultural - Encontra Barra Funda\" \/>\n\t\t<meta name=\"twitter:description\" content=\"ArtRio \u00e9 a feira de arte imperd\u00edvel no Rio de Janeiro em setembro.\" \/>\n\t\t<script type=\"application\/ld+json\" class=\"aioseo-schema\">\n\t\t\t{\"@context\":\"https:\\\/\\\/schema.org\",\"@graph\":[{\"@type\":\"BlogPosting\",\"@id\":\"https:\\\/\\\/www.encontrabarrafunda.com.br\\\/sobre\\\/agenda-cultural\\\/#blogposting\",\"name\":\"Agenda Cultural - Encontra Barra Funda\",\"headline\":\"Agenda Cultural\",\"author\":{\"@id\":\"https:\\\/\\\/www.encontrabarrafunda.com.br\\\/sobre\\\/author\\\/ebarrafunda\\\/#author\"},\"publisher\":{\"@id\":\"https:\\\/\\\/www.encontrabarrafunda.com.br\\\/sobre\\\/#organization\"},\"image\":{\"@type\":\"ImageObject\",\"url\":\"https:\\\/\\\/www.encontrabarrafunda.com.br\\\/sobre\\\/wp-content\\\/uploads\\\/2026\\\/09\\\/agenda-cultural.webp\",\"width\":280,\"height\":280,\"caption\":\"ArtRio\"},\"datePublished\":\"2026-09-04T07:03:48-03:00\",\"dateModified\":\"2026-09-04T07:03:48-03:00\",\"inLanguage\":\"pt-BR\",\"mainEntityOfPage\":{\"@id\":\"https:\\\/\\\/www.encontrabarrafunda.com.br\\\/sobre\\\/agenda-cultural\\\/#webpage\"},\"isPartOf\":{\"@id\":\"https:\\\/\\\/www.encontrabarrafunda.com.br\\\/sobre\\\/agenda-cultural\\\/#webpage\"},\"articleSection\":\"Cultura Barra Funda\"},{\"@type\":\"BreadcrumbList\",\"@id\":\"https:\\\/\\\/www.encontrabarrafunda.com.br\\\/sobre\\\/agenda-cultural\\\/#breadcrumblist\",\"itemListElement\":[{\"@type\":\"ListItem\",\"@id\":\"https:\\\/\\\/www.encontrabarrafunda.com.br\\\/sobre#listItem\",\"position\":1,\"name\":\"In\\u00edcio\",\"item\":\"https:\\\/\\\/www.encontrabarrafunda.com.br\\\/sobre\",\"nextItem\":{\"@type\":\"ListItem\",\"@id\":\"https:\\\/\\\/www.encontrabarrafunda.com.br\\\/sobre\\\/cultura-na-barra-funda\\\/#listItem\",\"name\":\"Cultura Barra Funda\"}},{\"@type\":\"ListItem\",\"@id\":\"https:\\\/\\\/www.encontrabarrafunda.com.br\\\/sobre\\\/cultura-na-barra-funda\\\/#listItem\",\"position\":2,\"name\":\"Cultura Barra Funda\",\"item\":\"https:\\\/\\\/www.encontrabarrafunda.com.br\\\/sobre\\\/cultura-na-barra-funda\\\/\",\"nextItem\":{\"@type\":\"ListItem\",\"@id\":\"https:\\\/\\\/www.encontrabarrafunda.com.br\\\/sobre\\\/agenda-cultural\\\/#listItem\",\"name\":\"Agenda Cultural\"},\"previousItem\":{\"@type\":\"ListItem\",\"@id\":\"https:\\\/\\\/www.encontrabarrafunda.com.br\\\/sobre#listItem\",\"name\":\"In\\u00edcio\"}},{\"@type\":\"ListItem\",\"@id\":\"https:\\\/\\\/www.encontrabarrafunda.com.br\\\/sobre\\\/agenda-cultural\\\/#listItem\",\"position\":3,\"name\":\"Agenda Cultural\",\"previousItem\":{\"@type\":\"ListItem\",\"@id\":\"https:\\\/\\\/www.encontrabarrafunda.com.br\\\/sobre\\\/cultura-na-barra-funda\\\/#listItem\",\"name\":\"Cultura Barra Funda\"}}]},{\"@type\":\"Organization\",\"@id\":\"https:\\\/\\\/www.encontrabarrafunda.com.br\\\/sobre\\\/#organization\",\"name\":\"Encontra Barra Funda\",\"description\":\"Not\\u00edcias, eventos, informa\\u00e7\\u00f5es e dicas no bairro da Barra Funda e regi\\u00e3o.\",\"url\":\"https:\\\/\\\/www.encontrabarrafunda.com.br\\\/sobre\\\/\"},{\"@type\":\"Person\",\"@id\":\"https:\\\/\\\/www.encontrabarrafunda.com.br\\\/sobre\\\/author\\\/ebarrafunda\\\/#author\",\"url\":\"https:\\\/\\\/www.encontrabarrafunda.com.br\\\/sobre\\\/author\\\/ebarrafunda\\\/\",\"name\":\"Encontra Barra Funda\",\"image\":{\"@type\":\"ImageObject\",\"@id\":\"https:\\\/\\\/www.encontrabarrafunda.com.br\\\/sobre\\\/agenda-cultural\\\/#authorImage\",\"url\":\"https:\\\/\\\/secure.gravatar.com\\\/avatar\\\/507340682b8270222e1f208e23198b6ae7e2c6a1033ae84e99bc6bce4f82a387?s=96&d=mm&r=g\",\"width\":96,\"height\":96,\"caption\":\"Encontra Barra Funda\"}},{\"@type\":\"WebPage\",\"@id\":\"https:\\\/\\\/www.encontrabarrafunda.com.br\\\/sobre\\\/agenda-cultural\\\/#webpage\",\"url\":\"https:\\\/\\\/www.encontrabarrafunda.com.br\\\/sobre\\\/agenda-cultural\\\/\",\"name\":\"Agenda Cultural - Encontra Barra Funda\",\"description\":\"ArtRio \\u00e9 a feira de arte imperd\\u00edvel no Rio de Janeiro em setembro.\",\"inLanguage\":\"pt-BR\",\"isPartOf\":{\"@id\":\"https:\\\/\\\/www.encontrabarrafunda.com.br\\\/sobre\\\/#website\"},\"breadcrumb\":{\"@id\":\"https:\\\/\\\/www.encontrabarrafunda.com.br\\\/sobre\\\/agenda-cultural\\\/#breadcrumblist\"},\"author\":{\"@id\":\"https:\\\/\\\/www.encontrabarrafunda.com.br\\\/sobre\\\/author\\\/ebarrafunda\\\/#author\"},\"creator\":{\"@id\":\"https:\\\/\\\/www.encontrabarrafunda.com.br\\\/sobre\\\/author\\\/ebarrafunda\\\/#author\"},\"image\":{\"@type\":\"ImageObject\",\"url\":\"https:\\\/\\\/www.encontrabarrafunda.com.br\\\/sobre\\\/wp-content\\\/uploads\\\/2026\\\/09\\\/agenda-cultural.webp\",\"@id\":\"https:\\\/\\\/www.encontrabarrafunda.com.br\\\/sobre\\\/agenda-cultural\\\/#mainImage\",\"width\":280,\"height\":280,\"caption\":\"ArtRio\"},\"primaryImageOfPage\":{\"@id\":\"https:\\\/\\\/www.encontrabarrafunda.com.br\\\/sobre\\\/agenda-cultural\\\/#mainImage\"},\"datePublished\":\"2026-09-04T07:03:48-03:00\",\"dateModified\":\"2026-09-04T07:03:48-03:00\"},{\"@type\":\"WebSite\",\"@id\":\"https:\\\/\\\/www.encontrabarrafunda.com.br\\\/sobre\\\/#website\",\"url\":\"https:\\\/\\\/www.encontrabarrafunda.com.br\\\/sobre\\\/\",\"name\":\"Encontra Barra Funda\",\"description\":\"Not\\u00edcias, eventos, informa\\u00e7\\u00f5es e dicas no bairro da Barra Funda e regi\\u00e3o.\",\"inLanguage\":\"pt-BR\",\"publisher\":{\"@id\":\"https:\\\/\\\/www.encontrabarrafunda.com.br\\\/sobre\\\/#organization\"}}]}\n\t\t<\/script>\n\t\t<!-- All in One SEO -->\n\n","aioseo_head_json":{"title":"Agenda Cultural - Encontra Barra Funda","description":"ArtRio \u00e9 a feira de arte imperd\u00edvel no Rio de Janeiro em setembro.","canonical_url":"https:\/\/www.encontrabarrafunda.com.br\/sobre\/agenda-cultural\/","robots":"max-image-preview:large","keywords":"","webmasterTools":{"miscellaneous":""},"schema":{"@context":"https:\/\/schema.org","@graph":[{"@type":"BlogPosting","@id":"https:\/\/www.encontrabarrafunda.com.br\/sobre\/agenda-cultural\/#blogposting","name":"Agenda Cultural - Encontra Barra Funda","headline":"Agenda Cultural","author":{"@id":"https:\/\/www.encontrabarrafunda.com.br\/sobre\/author\/ebarrafunda\/#author"},"publisher":{"@id":"https:\/\/www.encontrabarrafunda.com.br\/sobre\/#organization"},"image":{"@type":"ImageObject","url":"https:\/\/www.encontrabarrafunda.com.br\/sobre\/wp-content\/uploads\/2026\/09\/agenda-cultural.webp","width":280,"height":280,"caption":"ArtRio"},"datePublished":"2026-09-04T07:03:48-03:00","dateModified":"2026-09-04T07:03:48-03:00","inLanguage":"pt-BR","mainEntityOfPage":{"@id":"https:\/\/www.encontrabarrafunda.com.br\/sobre\/agenda-cultural\/#webpage"},"isPartOf":{"@id":"https:\/\/www.encontrabarrafunda.com.br\/sobre\/agenda-cultural\/#webpage"},"articleSection":"Cultura Barra Funda"},{"@type":"BreadcrumbList","@id":"https:\/\/www.encontrabarrafunda.com.br\/sobre\/agenda-cultural\/#breadcrumblist","itemListElement":[{"@type":"ListItem","@id":"https:\/\/www.encontrabarrafunda.com.br\/sobre#listItem","position":1,"name":"In\u00edcio","item":"https:\/\/www.encontrabarrafunda.com.br\/sobre","nextItem":{"@type":"ListItem","@id":"https:\/\/www.encontrabarrafunda.com.br\/sobre\/cultura-na-barra-funda\/#listItem","name":"Cultura Barra Funda"}},{"@type":"ListItem","@id":"https:\/\/www.encontrabarrafunda.com.br\/sobre\/cultura-na-barra-funda\/#listItem","position":2,"name":"Cultura Barra Funda","item":"https:\/\/www.encontrabarrafunda.com.br\/sobre\/cultura-na-barra-funda\/","nextItem":{"@type":"ListItem","@id":"https:\/\/www.encontrabarrafunda.com.br\/sobre\/agenda-cultural\/#listItem","name":"Agenda Cultural"},"previousItem":{"@type":"ListItem","@id":"https:\/\/www.encontrabarrafunda.com.br\/sobre#listItem","name":"In\u00edcio"}},{"@type":"ListItem","@id":"https:\/\/www.encontrabarrafunda.com.br\/sobre\/agenda-cultural\/#listItem","position":3,"name":"Agenda Cultural","previousItem":{"@type":"ListItem","@id":"https:\/\/www.encontrabarrafunda.com.br\/sobre\/cultura-na-barra-funda\/#listItem","name":"Cultura Barra Funda"}}]},{"@type":"Organization","@id":"https:\/\/www.encontrabarrafunda.com.br\/sobre\/#organization","name":"Encontra Barra Funda","description":"Not\u00edcias, eventos, informa\u00e7\u00f5es e dicas no bairro da Barra Funda e regi\u00e3o.","url":"https:\/\/www.encontrabarrafunda.com.br\/sobre\/"},{"@type":"Person","@id":"https:\/\/www.encontrabarrafunda.com.br\/sobre\/author\/ebarrafunda\/#author","url":"https:\/\/www.encontrabarrafunda.com.br\/sobre\/author\/ebarrafunda\/","name":"Encontra Barra Funda","image":{"@type":"ImageObject","@id":"https:\/\/www.encontrabarrafunda.com.br\/sobre\/agenda-cultural\/#authorImage","url":"https:\/\/secure.gravatar.com\/avatar\/507340682b8270222e1f208e23198b6ae7e2c6a1033ae84e99bc6bce4f82a387?s=96&d=mm&r=g","width":96,"height":96,"caption":"Encontra Barra Funda"}},{"@type":"WebPage","@id":"https:\/\/www.encontrabarrafunda.com.br\/sobre\/agenda-cultural\/#webpage","url":"https:\/\/www.encontrabarrafunda.com.br\/sobre\/agenda-cultural\/","name":"Agenda Cultural - Encontra Barra Funda","description":"ArtRio \u00e9 a feira de arte imperd\u00edvel no Rio de Janeiro em setembro.","inLanguage":"pt-BR","isPartOf":{"@id":"https:\/\/www.encontrabarrafunda.com.br\/sobre\/#website"},"breadcrumb":{"@id":"https:\/\/www.encontrabarrafunda.com.br\/sobre\/agenda-cultural\/#breadcrumblist"},"author":{"@id":"https:\/\/www.encontrabarrafunda.com.br\/sobre\/author\/ebarrafunda\/#author"},"creator":{"@id":"https:\/\/www.encontrabarrafunda.com.br\/sobre\/author\/ebarrafunda\/#author"},"image":{"@type":"ImageObject","url":"https:\/\/www.encontrabarrafunda.com.br\/sobre\/wp-content\/uploads\/2026\/09\/agenda-cultural.webp","@id":"https:\/\/www.encontrabarrafunda.com.br\/sobre\/agenda-cultural\/#mainImage","width":280,"height":280,"caption":"ArtRio"},"primaryImageOfPage":{"@id":"https:\/\/www.encontrabarrafunda.com.br\/sobre\/agenda-cultural\/#mainImage"},"datePublished":"2026-09-04T07:03:48-03:00","dateModified":"2026-09-04T07:03:48-03:00"},{"@type":"WebSite","@id":"https:\/\/www.encontrabarrafunda.com.br\/sobre\/#website","url":"https:\/\/www.encontrabarrafunda.com.br\/sobre\/","name":"Encontra Barra Funda","description":"Not\u00edcias, eventos, informa\u00e7\u00f5es e dicas no bairro da Barra Funda e regi\u00e3o.","inLanguage":"pt-BR","publisher":{"@id":"https:\/\/www.encontrabarrafunda.com.br\/sobre\/#organization"}}]},"og:locale":"pt_BR","og:site_name":"Encontra Barra Funda - Not\u00edcias, eventos, informa\u00e7\u00f5es e dicas no bairro da Barra Funda e regi\u00e3o.","og:type":"article","og:title":"Agenda Cultural - Encontra Barra Funda","og:description":"ArtRio \u00e9 a feira de arte imperd\u00edvel no Rio de Janeiro em setembro.","og:url":"https:\/\/www.encontrabarrafunda.com.br\/sobre\/agenda-cultural\/","article:published_time":"2026-09-04T10:03:48+00:00","article:modified_time":"2026-09-04T10:03:48+00:00","twitter:card":"summary_large_image","twitter:title":"Agenda Cultural - Encontra Barra Funda","twitter:description":"ArtRio \u00e9 a feira de arte imperd\u00edvel no Rio de Janeiro em setembro."},"aioseo_meta_data":{"post_id":"4525","title":null,"description":null,"keywords":null,"keyphrases":null,"primary_term":null,"canonical_url":null,"og_title":null,"og_description":null,"og_object_type":"default","og_image_type":"default","og_image_url":null,"og_image_width":null,"og_image_height":null,"og_image_custom_url":null,"og_image_custom_fields":null,"og_video":null,"og_custom_url":null,"og_article_section":null,"og_article_tags":null,"twitter_use_og":false,"twitter_card":"default","twitter_image_type":"default","twitter_image_url":null,"twitter_image_custom_url":null,"twitter_image_custom_fields":null,"twitter_title":null,"twitter_description":null,"schema":{"blockGraphs":[],"customGraphs":[],"default":{"data":{"Article":[],"Course":[],"Dataset":[],"FAQPage":[],"Movie":[],"Person":[],"Product":[],"ProductReview":[],"Car":[],"Recipe":[],"Service":[],"SoftwareApplication":[],"WebPage":[]},"graphName":"BlogPosting","isEnabled":true},"graphs":[]},"schema_type":"default","schema_type_options":null,"pillar_content":false,"robots_default":true,"robots_noindex":false,"robots_noarchive":false,"robots_nosnippet":false,"robots_nofollow":false,"robots_noimageindex":false,"robots_noodp":false,"robots_notranslate":false,"robots_max_snippet":null,"robots_max_videopreview":null,"robots_max_imagepreview":"large","priority":null,"frequency":null,"local_seo":null,"breadcrumb_settings":null,"limit_modified_date":false,"ai":null,"created":"2026-09-04 10:03:50","updated":"2026-09-04 10:20:34","focus_keyword":null,"additional_keywords":null,"truseo_locale":null,"seo_analyzer_scan_date":null},"aioseo_breadcrumb":"<div class=\"aioseo-breadcrumbs\"><span class=\"aioseo-breadcrumb\">\n\t\t\t<a href=\"https:\/\/www.encontrabarrafunda.com.br\/sobre\" title=\"In\u00edcio\">In\u00edcio<\/a>\n\t\t<\/span><span class=\"aioseo-breadcrumb-separator\">&raquo;<\/span><span class=\"aioseo-breadcrumb\">\n\t\t\t<a href=\"https:\/\/www.encontrabarrafunda.com.br\/sobre\/cultura-na-barra-funda\/\" title=\"Cultura Barra Funda\">Cultura Barra Funda<\/a>\n\t\t<\/span><span class=\"aioseo-breadcrumb-separator\">&raquo;<\/span><span class=\"aioseo-breadcrumb\">\n\t\t\tAgenda Cultural\n\t\t<\/span><\/div>","aioseo_breadcrumb_json":[{"label":"In\u00edcio","link":"https:\/\/www.encontrabarrafunda.com.br\/sobre"},{"label":"Cultura Barra Funda","link":"https:\/\/www.encontrabarrafunda.com.br\/sobre\/cultura-na-barra-funda\/"},{"label":"Agenda Cultural","link":"https:\/\/www.encontrabarrafunda.com.br\/sobre\/agenda-cultural\/"}],"_links":{"self":[{"href":"https:\/\/www.encontrabarrafunda.com.br\/sobre\/wp-json\/wp\/v2\/posts\/4525","targetHints":{"allow":["GET"]}}],"collection":[{"href":"https:\/\/www.encontrabarrafunda.com.br\/sobre\/wp-json\/wp\/v2\/posts"}],"about":[{"href":"https:\/\/www.encontrabarrafunda.com.br\/sobre\/wp-json\/wp\/v2\/types\/post"}],"author":[{"embeddable":true,"href":"https:\/\/www.encontrabarrafunda.com.br\/sobre\/wp-json\/wp\/v2\/users\/1"}],"replies":[{"embeddable":true,"href":"https:\/\/www.encontrabarrafunda.com.br\/sobre\/wp-json\/wp\/v2\/comments?post=4525"}],"version-history":[{"count":0,"href":"https:\/\/www.encontrabarrafunda.com.br\/sobre\/wp-json\/wp\/v2\/posts\/4525\/revisions"}],"wp:featuredmedia":[{"embeddable":true,"href":"https:\/\/www.encontrabarrafunda.com.br\/sobre\/wp-json\/wp\/v2\/media\/4524"}],"wp:attachment":[{"href":"https:\/\/www.encontrabarrafunda.com.br\/sobre\/wp-json\/wp\/v2\/media?parent=4525"}],"wp:term":[{"taxonomy":"category","embeddable":true,"href":"https:\/\/www.encontrabarrafunda.com.br\/sobre\/wp-json\/wp\/v2\/categories?post=4525"},{"taxonomy":"post_tag","embeddable":true,"href":"https:\/\/www.encontrabarrafunda.com.br\/sobre\/wp-json\/wp\/v2\/tags?post=4525"}],"curies":[{"name":"wp","href":"https:\/\/api.w.org\/{rel}","templated":true}]}}