{"id":455,"date":"2011-07-25T13:32:55","date_gmt":"2011-07-25T15:32:55","guid":{"rendered":"http:\/\/www.encontrabarrafunda.com.br\/noticias\/?p=455"},"modified":"2019-04-29T17:21:01","modified_gmt":"2019-04-29T20:21:01","slug":"denuncias-unem-torcidas-na-barra-funda-contra-ricardo-teixeira","status":"publish","type":"post","link":"https:\/\/www.encontrabarrafunda.com.br\/sobre\/denuncias-unem-torcidas-na-barra-funda-contra-ricardo-teixeira\/","title":{"rendered":"Den\u00fancias unem torcidas na Barra Funda contra Ricardo Teixeira"},"content":{"rendered":"<div class=\"7c2b2ddf12efdbbbe85a507d14b9627a\" data-index=\"1\" style=\"float: none; margin:0px;\">\n<!-- Anuncio display - global -->\r\n<ins class=\"adsbygoogle\"\r\n     style=\"display:block\"\r\n     data-ad-client=\"ca-pub-8585364105181520\"\r\n     data-ad-slot=\"8789329856\"\r\n     data-ad-format=\"auto\"\r\n     data-full-width-responsive=\"true\"><\/ins>\r\n<script>\r\n     (adsbygoogle = window.adsbygoogle || []).push({});\r\n<\/script>\n<\/div>\n<p>As den\u00fancias\u00a0que envolvem\u00a0o presidente da CBF, Ricardo Teixeira,  provocaram um resultado surpreendente: a uni\u00e3o entre as torcidas  organizadas de clubes advers\u00e1rios. Representantes de 40 agremia\u00e7\u00f5es  prometem protestos dentro e fora de campo.<\/p>\n<p>Gavi\u00f5es da Fiel, Camisa 12 e Estopim, do Corinthians; Drag\u00f5es da Real,  do S\u00e3o Paulo; Mancha Verde, do Palmeiras, e mais 35 torcidas do interior  paulista e de outros estados anunciaram\u00a0na sexta-feira (22)\u00a0o in\u00edcio de  um movimento para defender a Copa do Mundo no Brasil \u201ccom presta\u00e7\u00e3o de  contas e sem Ricardo Teixeira\u201d.<\/p>\n<p>As torcidas organizadas v\u00e3o\u00a0encampar um protesto contra Teixeira e a CBF  nos dias 13 e 14 de agosto, durante rodada do fim de\u00a0semana do  Campeonato Brasileiro. Eles pretendem exibir faixas nos est\u00e1dios contra  Ricardo Teixeira e a CBF e fazer panfletagem nos port\u00f5es de entrada  exigindo transpar\u00eancia e presta\u00e7\u00e3o de contas nos gastos com a Copa do  Mundo no Brasil.<\/p>\n<p>O movimento \u00e9 uma rea\u00e7\u00e3o \u00e0s den\u00fancias feitas pela BBC, de que Teixeira  teria recebido propina de R$ 15,1 milh\u00f5es por meio de uma empresa da  qual \u00e9 s\u00f3cio, a Sanud. Um dos procuradores da Sanud \u00e9 irm\u00e3o de  Teixeira.<\/p>\n<p>A TV Record tamb\u00e9m apresentou den\u00fancias de que o cartola construiu vasto  patrim\u00f4nio ap\u00f3s assumir a presid\u00eancia da CBF. E mostrou que o Teixeira  comprou uma cobertura de um dos s\u00f3cios que negocia pacotes do Mundial no  Brasil por valor abaixo do pre\u00e7o de mercado.<\/p>\n<p><strong>Uni\u00e3o<\/strong><\/p>\n<p>Os dirigentes de torcidas organizadas se reuniram na\u00a0sede da Mancha  Verde, na Barra Funda, zona oeste de S\u00e3o Paulo, para organizar as  manifesta\u00e7\u00f5es e discutir outros problemas comuns ligados ao futebol.  Estavam presentes tamb\u00e9m torcedores de clubes como o Guarani e Ponte  Preta, de Campinas, e S\u00e3o Caetano, do ABC paulista. Os torcedores  decidiram se unir por meio de uma entidade, a Confedera\u00e7\u00e3o Nacional das  Torcidas Organizadas (Conatorg), criada h\u00e1 um ano.<\/p>\n<p>A inten\u00e7\u00e3o do movimento \u00e9 denunciar tamb\u00e9m a desorganiza\u00e7\u00e3o do futebol  brasileiro, problemas como a precariedade dos est\u00e1dios e exigir respeito  ao Estatuto do Torcedor, como explica Wildner Rocha, o Pulguinha,  diretor da Gavi\u00f5es da Fiel.<\/p>\n<p>&#8211; Vamos para cima protestar contra essa situa\u00e7\u00e3o e pedir a cabe\u00e7a do Ricardo Teixeira.<\/p>\n<p>As torcidas decidiram tamb\u00e9m apoiar o projeto do deputado federal Carlos  Zaratini (PT-SP) que prop\u00f5e a altera\u00e7\u00e3o do hor\u00e1rio de jogos de futebol  no Brasil. Nos dias de semana, os jogos s\u00e3o realizados \u00e0s 21h50, por  imposi\u00e7\u00e3o da TV Globo\u00a0&#8211; detentora dos direitos de transmiss\u00e3o -, para  que se ajustem \u00e0 sua grade de programa\u00e7\u00e3o.<\/p>\n<p>Zaratini tem participado de debate com dirigentes de torcidas. Andr\u00e9  Azevedo, presidente da Drag\u00f5es da Real, diz que o hor\u00e1rio \u00e9 ingrato com  os\u00a0torcedores.<\/p>\n<p>&#8211;\u00a0\u00c9 um desrespeito realizar jogos que terminam \u00e0 meia-noite. Depois, o  torcedor n\u00e3o tem condu\u00e7\u00e3o para voltar pra casa e \u00e9 obrigado a ficar na  rua.<\/p>\n<p>O projeto do deputado aguarda parecer do deputado Acelino de Freitas  (PRB-BA), o ex-boxeador Pop\u00f3, relator da Comiss\u00e3o de Turismo e Esporte.<\/p>\n<p>O movimento contra Teixeira e a CBF deve ganhar repercuss\u00e3o nacional,  segundo os seus l\u00edderes, com a participa\u00e7\u00e3o de grandes torcidas do Rio  de Janeiro e de outras como a M\u00e1fia Azul, do Cruzeiro, e a Galoucura, do  Atl\u00e9tico-MG, em Minas Gerais; a Fan\u00e1ticos, do Atl\u00e9tico-PR, no Paran\u00e1; a  Inferno Coral, do Santa Cruz, e a Fan\u00e1utico, do N\u00e1utico, entre outras  de todo o pa\u00eds.<\/p>\n<p>Andr\u00e9 Guerra, da Mancha Verde, protesta contra os desmandos na CBF.<\/p>\n<p>&#8211; Com a Copa vindo para o Brasil, os dirigentes j\u00e1 est\u00e3o se perdendo.  Em vez de mostrar para a popula\u00e7\u00e3o o que est\u00e3o gastando, querem uma lei  justamente para esconder tudo.<\/p>\n<p>Richard Souto, presidente da torcida F\u00faria do Guarani, faz coro \u00e0s cr\u00edticas.<\/p>\n<p>&#8211; Vamos unir for\u00e7as tamb\u00e9m contra as arbitrariedades da pol\u00edcia e da  Justi\u00e7a. E esse Ricardo Teixeira est\u00e1 sugando o futebol brasileiro.<\/p>\n<p><strong>Nem a\u00ed<\/strong><\/p>\n<p>Em entrevista \u00e0 revista Piau\u00ed, Ricardo Teixeira diz n\u00e3o dar a m\u00ednima import\u00e2ncia para as den\u00fancias da imprensa:<\/p>\n<p>&#8211; Caguei mont\u00e3o. J\u00e1 falaram tudo de mim: que eu trouxe contrabando em  avi\u00e3o da sele\u00e7\u00e3o, a CPI da Nike e a do futebol, que tem sacanagem na  Copa de 2014. \u00c9 tudo da mesma patota,&#8230;, que fica repetindo as mesmas  merdas.<\/p>\n<p>O cartola disse ainda que, em 2014, pode prejudicar a imprensa.<\/p>\n<p>&#8211; Posso fazer a maldade que for. A maldade mais el\u00e1stica, mais  impens\u00e1vel. Mais maquiav\u00e9lica. N\u00e3o dar credencial, proibir acesso, mudar  hor\u00e1rio de jogo. E sabe o que vai acontecer? Nada.<\/p>\n<p><em>Fonte: R7<\/em><\/p>\n\n<div style=\"font-size: 0px; height: 0px; line-height: 0px; margin: 0; padding: 0; clear: both;\"><\/div>","protected":false},"excerpt":{"rendered":"<p>As den\u00fancias\u00a0que envolvem\u00a0o presidente da CBF, Ricardo Teixeira, provocaram um resultado surpreendente: a uni\u00e3o entre as torcidas organizadas de clubes advers\u00e1rios. Representantes de 40 agremia\u00e7\u00f5es prometem protestos dentro e fora de campo. Gavi\u00f5es da Fiel, Camisa 12 e Estopim, do Corinthians; Drag\u00f5es da Real, do S\u00e3o Paulo; Mancha Verde, do Palmeiras, e mais 35 torcidas do interior paulista e de outros estados anunciaram\u00a0na sexta-feira (22)\u00a0o in\u00edcio de um movimento para defender a Copa do Mundo no Brasil \u201ccom presta\u00e7\u00e3o de contas e sem Ricardo Teixeira\u201d. As torcidas organizadas v\u00e3o\u00a0encampar um protesto contra Teixeira e a CBF nos dias 13 e <\/p>\n","protected":false},"author":1,"featured_media":0,"comment_status":"open","ping_status":"closed","sticky":false,"template":"","format":"standard","meta":{"footnotes":""},"categories":[6],"tags":[],"class_list":["post-455","post","type-post","status-publish","format-standard","hentry","category-noticias-na-barra-funda"],"aioseo_notices":[],"aioseo_head":"\n\t\t<!-- All in One SEO 5.0.0.1 - aioseo.com -->\n\t<meta name=\"description\" content=\"As den\u00fancias que envolvem o presidente da CBF, Ricardo Teixeira, provocaram um resultado surpreendente: a uni\u00e3o entre as torcidas organizadas de clubes advers\u00e1rios. Representantes de 40 agremia\u00e7\u00f5es prometem protestos dentro e fora de campo. Gavi\u00f5es da Fiel, Camisa 12 e Estopim, do Corinthians; Drag\u00f5es da Real, do S\u00e3o Paulo; Mancha Verde, do Palmeiras, e mais 35 torcidas\" \/>\n\t<meta name=\"robots\" content=\"max-image-preview:large\" \/>\n\t<meta name=\"author\" content=\"Encontra Barra Funda\"\/>\n\t<link rel=\"canonical\" href=\"https:\/\/www.encontrabarrafunda.com.br\/sobre\/denuncias-unem-torcidas-na-barra-funda-contra-ricardo-teixeira\/\" \/>\n\t<meta name=\"generator\" content=\"All in One SEO (AIOSEO) 5.0.0.1\" \/>\n\t\t<meta property=\"og:locale\" content=\"pt_BR\" \/>\n\t\t<meta property=\"og:site_name\" content=\"Encontra Barra Funda - Not\u00edcias, eventos, informa\u00e7\u00f5es e dicas no bairro da Barra Funda e regi\u00e3o.\" \/>\n\t\t<meta property=\"og:type\" content=\"article\" \/>\n\t\t<meta property=\"og:title\" content=\"Den\u00fancias unem torcidas na Barra Funda contra Ricardo Teixeira - Encontra Barra Funda\" \/>\n\t\t<meta property=\"og:description\" content=\"As den\u00fancias que envolvem o presidente da CBF, Ricardo Teixeira, provocaram um resultado surpreendente: a uni\u00e3o entre as torcidas organizadas de clubes advers\u00e1rios. Representantes de 40 agremia\u00e7\u00f5es prometem protestos dentro e fora de campo. Gavi\u00f5es da Fiel, Camisa 12 e Estopim, do Corinthians; Drag\u00f5es da Real, do S\u00e3o Paulo; Mancha Verde, do Palmeiras, e mais 35 torcidas\" \/>\n\t\t<meta property=\"og:url\" content=\"https:\/\/www.encontrabarrafunda.com.br\/sobre\/denuncias-unem-torcidas-na-barra-funda-contra-ricardo-teixeira\/\" \/>\n\t\t<meta property=\"article:published_time\" content=\"2011-07-25T15:32:55+00:00\" \/>\n\t\t<meta property=\"article:modified_time\" content=\"2019-04-29T20:21:01+00:00\" \/>\n\t\t<meta name=\"twitter:card\" content=\"summary_large_image\" \/>\n\t\t<meta name=\"twitter:title\" content=\"Den\u00fancias unem torcidas na Barra Funda contra Ricardo Teixeira - Encontra Barra Funda\" \/>\n\t\t<meta name=\"twitter:description\" content=\"As den\u00fancias que envolvem o presidente da CBF, Ricardo Teixeira, provocaram um resultado surpreendente: a uni\u00e3o entre as torcidas organizadas de clubes advers\u00e1rios. Representantes de 40 agremia\u00e7\u00f5es prometem protestos dentro e fora de campo. Gavi\u00f5es da Fiel, Camisa 12 e Estopim, do Corinthians; Drag\u00f5es da Real, do S\u00e3o Paulo; Mancha Verde, do Palmeiras, e mais 35 torcidas\" \/>\n\t\t<script type=\"application\/ld+json\" class=\"aioseo-schema\">\n\t\t\t{\"@context\":\"https:\\\/\\\/schema.org\",\"@graph\":[{\"@type\":\"BlogPosting\",\"@id\":\"https:\\\/\\\/www.encontrabarrafunda.com.br\\\/sobre\\\/denuncias-unem-torcidas-na-barra-funda-contra-ricardo-teixeira\\\/#blogposting\",\"name\":\"Den\\u00fancias unem torcidas na Barra Funda contra Ricardo Teixeira - Encontra Barra Funda\",\"headline\":\"Den\\u00fancias unem torcidas na Barra Funda contra Ricardo Teixeira\",\"author\":{\"@id\":\"https:\\\/\\\/www.encontrabarrafunda.com.br\\\/sobre\\\/author\\\/ebarrafunda\\\/#author\"},\"publisher\":{\"@id\":\"https:\\\/\\\/www.encontrabarrafunda.com.br\\\/sobre\\\/#organization\"},\"datePublished\":\"2011-07-25T13:32:55-03:00\",\"dateModified\":\"2019-04-29T17:21:01-03:00\",\"inLanguage\":\"pt-BR\",\"mainEntityOfPage\":{\"@id\":\"https:\\\/\\\/www.encontrabarrafunda.com.br\\\/sobre\\\/denuncias-unem-torcidas-na-barra-funda-contra-ricardo-teixeira\\\/#webpage\"},\"isPartOf\":{\"@id\":\"https:\\\/\\\/www.encontrabarrafunda.com.br\\\/sobre\\\/denuncias-unem-torcidas-na-barra-funda-contra-ricardo-teixeira\\\/#webpage\"},\"articleSection\":\"Not\\u00edcias Barra Funda\"},{\"@type\":\"BreadcrumbList\",\"@id\":\"https:\\\/\\\/www.encontrabarrafunda.com.br\\\/sobre\\\/denuncias-unem-torcidas-na-barra-funda-contra-ricardo-teixeira\\\/#breadcrumblist\",\"itemListElement\":[{\"@type\":\"ListItem\",\"@id\":\"https:\\\/\\\/www.encontrabarrafunda.com.br\\\/sobre#listItem\",\"position\":1,\"name\":\"In\\u00edcio\",\"item\":\"https:\\\/\\\/www.encontrabarrafunda.com.br\\\/sobre\",\"nextItem\":{\"@type\":\"ListItem\",\"@id\":\"https:\\\/\\\/www.encontrabarrafunda.com.br\\\/sobre\\\/noticias-na-barra-funda\\\/#listItem\",\"name\":\"Not\\u00edcias Barra Funda\"}},{\"@type\":\"ListItem\",\"@id\":\"https:\\\/\\\/www.encontrabarrafunda.com.br\\\/sobre\\\/noticias-na-barra-funda\\\/#listItem\",\"position\":2,\"name\":\"Not\\u00edcias Barra Funda\",\"item\":\"https:\\\/\\\/www.encontrabarrafunda.com.br\\\/sobre\\\/noticias-na-barra-funda\\\/\",\"nextItem\":{\"@type\":\"ListItem\",\"@id\":\"https:\\\/\\\/www.encontrabarrafunda.com.br\\\/sobre\\\/denuncias-unem-torcidas-na-barra-funda-contra-ricardo-teixeira\\\/#listItem\",\"name\":\"Den\\u00fancias unem torcidas na Barra Funda contra Ricardo Teixeira\"},\"previousItem\":{\"@type\":\"ListItem\",\"@id\":\"https:\\\/\\\/www.encontrabarrafunda.com.br\\\/sobre#listItem\",\"name\":\"In\\u00edcio\"}},{\"@type\":\"ListItem\",\"@id\":\"https:\\\/\\\/www.encontrabarrafunda.com.br\\\/sobre\\\/denuncias-unem-torcidas-na-barra-funda-contra-ricardo-teixeira\\\/#listItem\",\"position\":3,\"name\":\"Den\\u00fancias unem torcidas na Barra Funda contra Ricardo Teixeira\",\"previousItem\":{\"@type\":\"ListItem\",\"@id\":\"https:\\\/\\\/www.encontrabarrafunda.com.br\\\/sobre\\\/noticias-na-barra-funda\\\/#listItem\",\"name\":\"Not\\u00edcias Barra Funda\"}}]},{\"@type\":\"Organization\",\"@id\":\"https:\\\/\\\/www.encontrabarrafunda.com.br\\\/sobre\\\/#organization\",\"name\":\"Encontra Barra Funda\",\"description\":\"Not\\u00edcias, eventos, informa\\u00e7\\u00f5es e dicas no bairro da Barra Funda e regi\\u00e3o.\",\"url\":\"https:\\\/\\\/www.encontrabarrafunda.com.br\\\/sobre\\\/\"},{\"@type\":\"Person\",\"@id\":\"https:\\\/\\\/www.encontrabarrafunda.com.br\\\/sobre\\\/author\\\/ebarrafunda\\\/#author\",\"url\":\"https:\\\/\\\/www.encontrabarrafunda.com.br\\\/sobre\\\/author\\\/ebarrafunda\\\/\",\"name\":\"Encontra Barra Funda\",\"image\":{\"@type\":\"ImageObject\",\"@id\":\"https:\\\/\\\/www.encontrabarrafunda.com.br\\\/sobre\\\/denuncias-unem-torcidas-na-barra-funda-contra-ricardo-teixeira\\\/#authorImage\",\"url\":\"https:\\\/\\\/secure.gravatar.com\\\/avatar\\\/507340682b8270222e1f208e23198b6ae7e2c6a1033ae84e99bc6bce4f82a387?s=96&d=mm&r=g\",\"width\":96,\"height\":96,\"caption\":\"Encontra Barra Funda\"}},{\"@type\":\"WebPage\",\"@id\":\"https:\\\/\\\/www.encontrabarrafunda.com.br\\\/sobre\\\/denuncias-unem-torcidas-na-barra-funda-contra-ricardo-teixeira\\\/#webpage\",\"url\":\"https:\\\/\\\/www.encontrabarrafunda.com.br\\\/sobre\\\/denuncias-unem-torcidas-na-barra-funda-contra-ricardo-teixeira\\\/\",\"name\":\"Den\\u00fancias unem torcidas na Barra Funda contra Ricardo Teixeira - Encontra Barra Funda\",\"description\":\"As den\\u00fancias que envolvem o presidente da CBF, Ricardo Teixeira, provocaram um resultado surpreendente: a uni\\u00e3o entre as torcidas organizadas de clubes advers\\u00e1rios. Representantes de 40 agremia\\u00e7\\u00f5es prometem protestos dentro e fora de campo. Gavi\\u00f5es da Fiel, Camisa 12 e Estopim, do Corinthians; Drag\\u00f5es da Real, do S\\u00e3o Paulo; Mancha Verde, do Palmeiras, e mais 35 torcidas\",\"inLanguage\":\"pt-BR\",\"isPartOf\":{\"@id\":\"https:\\\/\\\/www.encontrabarrafunda.com.br\\\/sobre\\\/#website\"},\"breadcrumb\":{\"@id\":\"https:\\\/\\\/www.encontrabarrafunda.com.br\\\/sobre\\\/denuncias-unem-torcidas-na-barra-funda-contra-ricardo-teixeira\\\/#breadcrumblist\"},\"author\":{\"@id\":\"https:\\\/\\\/www.encontrabarrafunda.com.br\\\/sobre\\\/author\\\/ebarrafunda\\\/#author\"},\"creator\":{\"@id\":\"https:\\\/\\\/www.encontrabarrafunda.com.br\\\/sobre\\\/author\\\/ebarrafunda\\\/#author\"},\"datePublished\":\"2011-07-25T13:32:55-03:00\",\"dateModified\":\"2019-04-29T17:21:01-03:00\"},{\"@type\":\"WebSite\",\"@id\":\"https:\\\/\\\/www.encontrabarrafunda.com.br\\\/sobre\\\/#website\",\"url\":\"https:\\\/\\\/www.encontrabarrafunda.com.br\\\/sobre\\\/\",\"name\":\"Encontra Barra Funda\",\"description\":\"Not\\u00edcias, eventos, informa\\u00e7\\u00f5es e dicas no bairro da Barra Funda e regi\\u00e3o.\",\"inLanguage\":\"pt-BR\",\"publisher\":{\"@id\":\"https:\\\/\\\/www.encontrabarrafunda.com.br\\\/sobre\\\/#organization\"}}]}\n\t\t<\/script>\n\t\t<!-- All in One SEO -->\n\n","aioseo_head_json":{"title":"Den\u00fancias unem torcidas na Barra Funda contra Ricardo Teixeira - Encontra Barra Funda","description":"As den\u00fancias que envolvem o presidente da CBF, Ricardo Teixeira, provocaram um resultado surpreendente: a uni\u00e3o entre as torcidas organizadas de clubes advers\u00e1rios. Representantes de 40 agremia\u00e7\u00f5es prometem protestos dentro e fora de campo. Gavi\u00f5es da Fiel, Camisa 12 e Estopim, do Corinthians; Drag\u00f5es da Real, do S\u00e3o Paulo; Mancha Verde, do Palmeiras, e mais 35 torcidas","canonical_url":"https:\/\/www.encontrabarrafunda.com.br\/sobre\/denuncias-unem-torcidas-na-barra-funda-contra-ricardo-teixeira\/","robots":"max-image-preview:large","keywords":"","webmasterTools":{"miscellaneous":""},"schema":{"@context":"https:\/\/schema.org","@graph":[{"@type":"BlogPosting","@id":"https:\/\/www.encontrabarrafunda.com.br\/sobre\/denuncias-unem-torcidas-na-barra-funda-contra-ricardo-teixeira\/#blogposting","name":"Den\u00fancias unem torcidas na Barra Funda contra Ricardo Teixeira - Encontra Barra Funda","headline":"Den\u00fancias unem torcidas na Barra Funda contra Ricardo Teixeira","author":{"@id":"https:\/\/www.encontrabarrafunda.com.br\/sobre\/author\/ebarrafunda\/#author"},"publisher":{"@id":"https:\/\/www.encontrabarrafunda.com.br\/sobre\/#organization"},"datePublished":"2011-07-25T13:32:55-03:00","dateModified":"2019-04-29T17:21:01-03:00","inLanguage":"pt-BR","mainEntityOfPage":{"@id":"https:\/\/www.encontrabarrafunda.com.br\/sobre\/denuncias-unem-torcidas-na-barra-funda-contra-ricardo-teixeira\/#webpage"},"isPartOf":{"@id":"https:\/\/www.encontrabarrafunda.com.br\/sobre\/denuncias-unem-torcidas-na-barra-funda-contra-ricardo-teixeira\/#webpage"},"articleSection":"Not\u00edcias Barra Funda"},{"@type":"BreadcrumbList","@id":"https:\/\/www.encontrabarrafunda.com.br\/sobre\/denuncias-unem-torcidas-na-barra-funda-contra-ricardo-teixeira\/#breadcrumblist","itemListElement":[{"@type":"ListItem","@id":"https:\/\/www.encontrabarrafunda.com.br\/sobre#listItem","position":1,"name":"In\u00edcio","item":"https:\/\/www.encontrabarrafunda.com.br\/sobre","nextItem":{"@type":"ListItem","@id":"https:\/\/www.encontrabarrafunda.com.br\/sobre\/noticias-na-barra-funda\/#listItem","name":"Not\u00edcias Barra Funda"}},{"@type":"ListItem","@id":"https:\/\/www.encontrabarrafunda.com.br\/sobre\/noticias-na-barra-funda\/#listItem","position":2,"name":"Not\u00edcias Barra Funda","item":"https:\/\/www.encontrabarrafunda.com.br\/sobre\/noticias-na-barra-funda\/","nextItem":{"@type":"ListItem","@id":"https:\/\/www.encontrabarrafunda.com.br\/sobre\/denuncias-unem-torcidas-na-barra-funda-contra-ricardo-teixeira\/#listItem","name":"Den\u00fancias unem torcidas na Barra Funda contra Ricardo Teixeira"},"previousItem":{"@type":"ListItem","@id":"https:\/\/www.encontrabarrafunda.com.br\/sobre#listItem","name":"In\u00edcio"}},{"@type":"ListItem","@id":"https:\/\/www.encontrabarrafunda.com.br\/sobre\/denuncias-unem-torcidas-na-barra-funda-contra-ricardo-teixeira\/#listItem","position":3,"name":"Den\u00fancias unem torcidas na Barra Funda contra Ricardo Teixeira","previousItem":{"@type":"ListItem","@id":"https:\/\/www.encontrabarrafunda.com.br\/sobre\/noticias-na-barra-funda\/#listItem","name":"Not\u00edcias Barra Funda"}}]},{"@type":"Organization","@id":"https:\/\/www.encontrabarrafunda.com.br\/sobre\/#organization","name":"Encontra Barra Funda","description":"Not\u00edcias, eventos, informa\u00e7\u00f5es e dicas no bairro da Barra Funda e regi\u00e3o.","url":"https:\/\/www.encontrabarrafunda.com.br\/sobre\/"},{"@type":"Person","@id":"https:\/\/www.encontrabarrafunda.com.br\/sobre\/author\/ebarrafunda\/#author","url":"https:\/\/www.encontrabarrafunda.com.br\/sobre\/author\/ebarrafunda\/","name":"Encontra Barra Funda","image":{"@type":"ImageObject","@id":"https:\/\/www.encontrabarrafunda.com.br\/sobre\/denuncias-unem-torcidas-na-barra-funda-contra-ricardo-teixeira\/#authorImage","url":"https:\/\/secure.gravatar.com\/avatar\/507340682b8270222e1f208e23198b6ae7e2c6a1033ae84e99bc6bce4f82a387?s=96&d=mm&r=g","width":96,"height":96,"caption":"Encontra Barra Funda"}},{"@type":"WebPage","@id":"https:\/\/www.encontrabarrafunda.com.br\/sobre\/denuncias-unem-torcidas-na-barra-funda-contra-ricardo-teixeira\/#webpage","url":"https:\/\/www.encontrabarrafunda.com.br\/sobre\/denuncias-unem-torcidas-na-barra-funda-contra-ricardo-teixeira\/","name":"Den\u00fancias unem torcidas na Barra Funda contra Ricardo Teixeira - Encontra Barra Funda","description":"As den\u00fancias que envolvem o presidente da CBF, Ricardo Teixeira, provocaram um resultado surpreendente: a uni\u00e3o entre as torcidas organizadas de clubes advers\u00e1rios. Representantes de 40 agremia\u00e7\u00f5es prometem protestos dentro e fora de campo. Gavi\u00f5es da Fiel, Camisa 12 e Estopim, do Corinthians; Drag\u00f5es da Real, do S\u00e3o Paulo; Mancha Verde, do Palmeiras, e mais 35 torcidas","inLanguage":"pt-BR","isPartOf":{"@id":"https:\/\/www.encontrabarrafunda.com.br\/sobre\/#website"},"breadcrumb":{"@id":"https:\/\/www.encontrabarrafunda.com.br\/sobre\/denuncias-unem-torcidas-na-barra-funda-contra-ricardo-teixeira\/#breadcrumblist"},"author":{"@id":"https:\/\/www.encontrabarrafunda.com.br\/sobre\/author\/ebarrafunda\/#author"},"creator":{"@id":"https:\/\/www.encontrabarrafunda.com.br\/sobre\/author\/ebarrafunda\/#author"},"datePublished":"2011-07-25T13:32:55-03:00","dateModified":"2019-04-29T17:21:01-03:00"},{"@type":"WebSite","@id":"https:\/\/www.encontrabarrafunda.com.br\/sobre\/#website","url":"https:\/\/www.encontrabarrafunda.com.br\/sobre\/","name":"Encontra Barra Funda","description":"Not\u00edcias, eventos, informa\u00e7\u00f5es e dicas no bairro da Barra Funda e regi\u00e3o.","inLanguage":"pt-BR","publisher":{"@id":"https:\/\/www.encontrabarrafunda.com.br\/sobre\/#organization"}}]},"og:locale":"pt_BR","og:site_name":"Encontra Barra Funda - Not\u00edcias, eventos, informa\u00e7\u00f5es e dicas no bairro da Barra Funda e regi\u00e3o.","og:type":"article","og:title":"Den\u00fancias unem torcidas na Barra Funda contra Ricardo Teixeira - Encontra Barra Funda","og:description":"As den\u00fancias que envolvem o presidente da CBF, Ricardo Teixeira, provocaram um resultado surpreendente: a uni\u00e3o entre as torcidas organizadas de clubes advers\u00e1rios. Representantes de 40 agremia\u00e7\u00f5es prometem protestos dentro e fora de campo. Gavi\u00f5es da Fiel, Camisa 12 e Estopim, do Corinthians; Drag\u00f5es da Real, do S\u00e3o Paulo; Mancha Verde, do Palmeiras, e mais 35 torcidas","og:url":"https:\/\/www.encontrabarrafunda.com.br\/sobre\/denuncias-unem-torcidas-na-barra-funda-contra-ricardo-teixeira\/","article:published_time":"2011-07-25T15:32:55+00:00","article:modified_time":"2019-04-29T20:21:01+00:00","twitter:card":"summary_large_image","twitter:title":"Den\u00fancias unem torcidas na Barra Funda contra Ricardo Teixeira - Encontra Barra Funda","twitter:description":"As den\u00fancias que envolvem o presidente da CBF, Ricardo Teixeira, provocaram um resultado surpreendente: a uni\u00e3o entre as torcidas organizadas de clubes advers\u00e1rios. Representantes de 40 agremia\u00e7\u00f5es prometem protestos dentro e fora de campo. Gavi\u00f5es da Fiel, Camisa 12 e Estopim, do Corinthians; Drag\u00f5es da Real, do S\u00e3o Paulo; Mancha Verde, do Palmeiras, e mais 35 torcidas"},"aioseo_meta_data":{"post_id":"455","title":null,"description":null,"keywords":null,"keyphrases":null,"primary_term":null,"canonical_url":null,"og_title":null,"og_description":null,"og_object_type":"default","og_image_type":"default","og_image_url":null,"og_image_width":null,"og_image_height":null,"og_image_custom_url":null,"og_image_custom_fields":null,"og_video":null,"og_custom_url":null,"og_article_section":null,"og_article_tags":null,"twitter_use_og":false,"twitter_card":"default","twitter_image_type":"default","twitter_image_url":null,"twitter_image_custom_url":null,"twitter_image_custom_fields":null,"twitter_title":null,"twitter_description":null,"schema":{"blockGraphs":[],"customGraphs":[],"default":{"data":{"Article":[],"Course":[],"Dataset":[],"FAQPage":[],"Movie":[],"Person":[],"Product":[],"ProductReview":[],"Car":[],"Recipe":[],"Service":[],"SoftwareApplication":[],"WebPage":[]},"graphName":"BlogPosting","isEnabled":true},"graphs":[]},"schema_type":"default","schema_type_options":null,"pillar_content":false,"robots_default":true,"robots_noindex":false,"robots_noarchive":false,"robots_nosnippet":false,"robots_nofollow":false,"robots_noimageindex":false,"robots_noodp":false,"robots_notranslate":false,"robots_max_snippet":null,"robots_max_videopreview":null,"robots_max_imagepreview":"large","priority":null,"frequency":null,"local_seo":null,"breadcrumb_settings":null,"limit_modified_date":false,"ai":null,"created":"2024-03-16 15:15:45","updated":"2025-10-03 18:27:14","focus_keyword":null,"additional_keywords":null,"truseo_locale":null,"seo_analyzer_scan_date":null},"aioseo_breadcrumb":"<div class=\"aioseo-breadcrumbs\"><span class=\"aioseo-breadcrumb\">\n\t\t\t<a href=\"https:\/\/www.encontrabarrafunda.com.br\/sobre\" title=\"In\u00edcio\">In\u00edcio<\/a>\n\t\t<\/span><span class=\"aioseo-breadcrumb-separator\">&raquo;<\/span><span class=\"aioseo-breadcrumb\">\n\t\t\t<a href=\"https:\/\/www.encontrabarrafunda.com.br\/sobre\/noticias-na-barra-funda\/\" title=\"Not\u00edcias Barra Funda\">Not\u00edcias Barra Funda<\/a>\n\t\t<\/span><span class=\"aioseo-breadcrumb-separator\">&raquo;<\/span><span class=\"aioseo-breadcrumb\">\n\t\t\tDen\u00fancias unem torcidas na Barra Funda contra Ricardo Teixeira\n\t\t<\/span><\/div>","aioseo_breadcrumb_json":[{"label":"In\u00edcio","link":"https:\/\/www.encontrabarrafunda.com.br\/sobre"},{"label":"Not\u00edcias Barra Funda","link":"https:\/\/www.encontrabarrafunda.com.br\/sobre\/noticias-na-barra-funda\/"},{"label":"Den\u00fancias unem torcidas na Barra Funda contra Ricardo Teixeira","link":"https:\/\/www.encontrabarrafunda.com.br\/sobre\/denuncias-unem-torcidas-na-barra-funda-contra-ricardo-teixeira\/"}],"_links":{"self":[{"href":"https:\/\/www.encontrabarrafunda.com.br\/sobre\/wp-json\/wp\/v2\/posts\/455","targetHints":{"allow":["GET"]}}],"collection":[{"href":"https:\/\/www.encontrabarrafunda.com.br\/sobre\/wp-json\/wp\/v2\/posts"}],"about":[{"href":"https:\/\/www.encontrabarrafunda.com.br\/sobre\/wp-json\/wp\/v2\/types\/post"}],"author":[{"embeddable":true,"href":"https:\/\/www.encontrabarrafunda.com.br\/sobre\/wp-json\/wp\/v2\/users\/1"}],"replies":[{"embeddable":true,"href":"https:\/\/www.encontrabarrafunda.com.br\/sobre\/wp-json\/wp\/v2\/comments?post=455"}],"version-history":[{"count":0,"href":"https:\/\/www.encontrabarrafunda.com.br\/sobre\/wp-json\/wp\/v2\/posts\/455\/revisions"}],"wp:attachment":[{"href":"https:\/\/www.encontrabarrafunda.com.br\/sobre\/wp-json\/wp\/v2\/media?parent=455"}],"wp:term":[{"taxonomy":"category","embeddable":true,"href":"https:\/\/www.encontrabarrafunda.com.br\/sobre\/wp-json\/wp\/v2\/categories?post=455"},{"taxonomy":"post_tag","embeddable":true,"href":"https:\/\/www.encontrabarrafunda.com.br\/sobre\/wp-json\/wp\/v2\/tags?post=455"}],"curies":[{"name":"wp","href":"https:\/\/api.w.org\/{rel}","templated":true}]}}