{"id":726,"date":"2012-03-07T15:03:41","date_gmt":"2012-03-07T17:03:41","guid":{"rendered":"http:\/\/www.encontrabarrafunda.com.br\/noticias\/?p=726"},"modified":"2019-04-29T17:20:14","modified_gmt":"2019-04-29T20:20:14","slug":"seguranca-e-condenado-a-18-anos-%e2%80%8eno-forum-da-barra-funda","status":"publish","type":"post","link":"https:\/\/www.encontrabarrafunda.com.br\/sobre\/seguranca-e-condenado-a-18-anos-%e2%80%8eno-forum-da-barra-funda\/","title":{"rendered":"Seguran\u00e7a \u00e9 condenado a 18 anos \u200eno For\u00fam da Barra Funda"},"content":{"rendered":"<div class=\"7c2b2ddf12efdbbbe85a507d14b9627a\" data-index=\"1\" style=\"float: none; margin:0px;\">\n<!-- Anuncio display - global -->\r\n<ins class=\"adsbygoogle\"\r\n     style=\"display:block\"\r\n     data-ad-client=\"ca-pub-8585364105181520\"\r\n     data-ad-slot=\"8789329856\"\r\n     data-ad-format=\"auto\"\r\n     data-full-width-responsive=\"true\"><\/ins>\r\n<script>\r\n     (adsbygoogle = window.adsbygoogle || []).push({});\r\n<\/script>\n<\/div>\n<p>Seguran\u00e7a de uma empresa tercerizada, Genilson Silva Sousa, foi condenado por 18 anos de pris\u00e3o em regime fechado nesta segunda-feira (5) pela morte de um cliente. O crime aconteceu dentro de uma das lojas das Casas Bahia em 10 de novembro de 2008. O julgamento aconteceu no <a title=\"F\u00f3rum Criminal da Barra Funda\" href=\"http:\/\/www.encontrabarrafunda.com.br\/barra-funda\/forum-criminal-da-barra-funda.shtml\" target=\"_blank\">F\u00f3rum Criminal da Barra Funda<\/a>, zona oeste de S\u00e3o Paulo.<\/p>\n<p><strong>Criminosos roubam loja no bairro da Mooca<\/strong><\/p>\n<p>Segundo o processo, o acusado disparou um tiro contra a cabe\u00e7a de Alberto Milfont Jr., que havia ido ao local com a namorada e um amigo para comprar um colch\u00e3o, ap\u00f3s uma discuss\u00e3o.<\/p>\n<p>De acordo com o TJ-SP (Tribunal de Justi\u00e7a de S\u00e3o Paulo),\u00a0 a ju\u00edza Leila Hassem da Ponte concedeu ao r\u00e9u o direito de recorrer em liberdade, \u201cposto n\u00e3o estarem presentes os requisitos da pris\u00e3o preventiva\u201d.<\/p>\n<p><strong>O caso<\/strong><\/p>\n<p>Em novembro de 2008, o\u00a0 vigilante Genilson Silva Souza, 29, se aproximou dos dois rapazes e teve in\u00edcio uma discuss\u00e3o. A v\u00edtima havia ido at\u00e9 o caixa pegar um recibo para comprovar que ele era cliente da loja, mas a discuss\u00e3o continuou.<\/p>\n<p>Segundo a SSP (Secretaria de Seguran\u00e7a P\u00fablica), em determinado momento, o cliente come\u00e7ou a falar que duvidava que Souza tivesse coragem de atirar. O vigilante, ent\u00e3o, sacou a arma e deu um tiro no rosto do cliente. Milfort J\u00fanior chegou a ser levado ao pronto-socorro do Campo Limpo, mas n\u00e3o resistiu aos ferimentos.<\/p>\n<p>O vigilante foi detido e levado para o 37\u00ba DP, de Campo Limpo, e autuado por homic\u00eddio qualificado. A arma que ele usava no servi\u00e7o &#8211;um rev\u00f3lver calibre 38&#8211; foi apreendida para ser encaminhada \u00e0 per\u00edcia.<\/p>\n<p><em>Fonte: Portal O Rio Branco<\/em><\/p>\n\n<div style=\"font-size: 0px; height: 0px; line-height: 0px; margin: 0; padding: 0; clear: both;\"><\/div>","protected":false},"excerpt":{"rendered":"<p>Seguran\u00e7a de uma empresa tercerizada, Genilson Silva Sousa, foi condenado por 18 anos de pris\u00e3o em regime fechado nesta segunda-feira (5) pela morte de um cliente. O crime aconteceu dentro de uma das lojas das Casas Bahia em 10 de novembro de 2008. O julgamento aconteceu no F\u00f3rum Criminal da Barra Funda, zona oeste de S\u00e3o Paulo. Criminosos roubam loja no bairro da Mooca Segundo o processo, o acusado disparou um tiro contra a cabe\u00e7a de Alberto Milfont Jr., que havia ido ao local com a namorada e um amigo para comprar um colch\u00e3o, ap\u00f3s uma discuss\u00e3o. De acordo com <\/p>\n","protected":false},"author":1,"featured_media":0,"comment_status":"open","ping_status":"closed","sticky":false,"template":"","format":"standard","meta":{"footnotes":""},"categories":[6],"tags":[],"class_list":["post-726","post","type-post","status-publish","format-standard","hentry","category-noticias-na-barra-funda"],"aioseo_notices":[],"aioseo_head":"\n\t\t<!-- All in One SEO 5.0.0.1 - aioseo.com -->\n\t<meta name=\"description\" content=\"Seguran\u00e7a de uma empresa tercerizada, Genilson Silva Sousa, foi condenado por 18 anos de pris\u00e3o em regime fechado nesta segunda-feira (5) pela morte de um cliente. O crime aconteceu dentro de uma das lojas das Casas Bahia em 10 de novembro de 2008. O julgamento aconteceu no F\u00f3rum Criminal da Barra Funda, zona oeste de\" \/>\n\t<meta name=\"robots\" content=\"max-image-preview:large\" \/>\n\t<meta name=\"author\" content=\"Encontra Barra Funda\"\/>\n\t<link rel=\"canonical\" href=\"https:\/\/www.encontrabarrafunda.com.br\/sobre\/seguranca-e-condenado-a-18-anos-%e2%80%8eno-forum-da-barra-funda\/\" \/>\n\t<meta name=\"generator\" content=\"All in One SEO (AIOSEO) 5.0.0.1\" \/>\n\t\t<meta property=\"og:locale\" content=\"pt_BR\" \/>\n\t\t<meta property=\"og:site_name\" content=\"Encontra Barra Funda - Not\u00edcias, eventos, informa\u00e7\u00f5es e dicas no bairro da Barra Funda e regi\u00e3o.\" \/>\n\t\t<meta property=\"og:type\" content=\"article\" \/>\n\t\t<meta property=\"og:title\" content=\"Seguran\u00e7a \u00e9 condenado a 18 anos \u200eno For\u00fam da Barra Funda - Encontra Barra Funda\" \/>\n\t\t<meta property=\"og:description\" content=\"Seguran\u00e7a de uma empresa tercerizada, Genilson Silva Sousa, foi condenado por 18 anos de pris\u00e3o em regime fechado nesta segunda-feira (5) pela morte de um cliente. O crime aconteceu dentro de uma das lojas das Casas Bahia em 10 de novembro de 2008. O julgamento aconteceu no F\u00f3rum Criminal da Barra Funda, zona oeste de\" \/>\n\t\t<meta property=\"og:url\" content=\"https:\/\/www.encontrabarrafunda.com.br\/sobre\/seguranca-e-condenado-a-18-anos-%e2%80%8eno-forum-da-barra-funda\/\" \/>\n\t\t<meta property=\"article:published_time\" content=\"2012-03-07T17:03:41+00:00\" \/>\n\t\t<meta property=\"article:modified_time\" content=\"2019-04-29T20:20:14+00:00\" \/>\n\t\t<meta name=\"twitter:card\" content=\"summary_large_image\" \/>\n\t\t<meta name=\"twitter:title\" content=\"Seguran\u00e7a \u00e9 condenado a 18 anos \u200eno For\u00fam da Barra Funda - Encontra Barra Funda\" \/>\n\t\t<meta name=\"twitter:description\" content=\"Seguran\u00e7a de uma empresa tercerizada, Genilson Silva Sousa, foi condenado por 18 anos de pris\u00e3o em regime fechado nesta segunda-feira (5) pela morte de um cliente. O crime aconteceu dentro de uma das lojas das Casas Bahia em 10 de novembro de 2008. O julgamento aconteceu no F\u00f3rum Criminal da Barra Funda, zona oeste de\" \/>\n\t\t<script type=\"application\/ld+json\" class=\"aioseo-schema\">\n\t\t\t{\"@context\":\"https:\\\/\\\/schema.org\",\"@graph\":[{\"@type\":\"BlogPosting\",\"@id\":\"https:\\\/\\\/www.encontrabarrafunda.com.br\\\/sobre\\\/seguranca-e-condenado-a-18-anos-%e2%80%8eno-forum-da-barra-funda\\\/#blogposting\",\"name\":\"Seguran\\u00e7a \\u00e9 condenado a 18 anos \\u200eno For\\u00fam da Barra Funda - Encontra Barra Funda\",\"headline\":\"Seguran\\u00e7a \\u00e9 condenado a 18 anos \\u200eno For\\u00fam da Barra Funda\",\"author\":{\"@id\":\"https:\\\/\\\/www.encontrabarrafunda.com.br\\\/sobre\\\/author\\\/ebarrafunda\\\/#author\"},\"publisher\":{\"@id\":\"https:\\\/\\\/www.encontrabarrafunda.com.br\\\/sobre\\\/#organization\"},\"datePublished\":\"2012-03-07T15:03:41-03:00\",\"dateModified\":\"2019-04-29T17:20:14-03:00\",\"inLanguage\":\"pt-BR\",\"mainEntityOfPage\":{\"@id\":\"https:\\\/\\\/www.encontrabarrafunda.com.br\\\/sobre\\\/seguranca-e-condenado-a-18-anos-%e2%80%8eno-forum-da-barra-funda\\\/#webpage\"},\"isPartOf\":{\"@id\":\"https:\\\/\\\/www.encontrabarrafunda.com.br\\\/sobre\\\/seguranca-e-condenado-a-18-anos-%e2%80%8eno-forum-da-barra-funda\\\/#webpage\"},\"articleSection\":\"Not\\u00edcias Barra Funda\"},{\"@type\":\"BreadcrumbList\",\"@id\":\"https:\\\/\\\/www.encontrabarrafunda.com.br\\\/sobre\\\/seguranca-e-condenado-a-18-anos-%e2%80%8eno-forum-da-barra-funda\\\/#breadcrumblist\",\"itemListElement\":[{\"@type\":\"ListItem\",\"@id\":\"https:\\\/\\\/www.encontrabarrafunda.com.br\\\/sobre#listItem\",\"position\":1,\"name\":\"In\\u00edcio\",\"item\":\"https:\\\/\\\/www.encontrabarrafunda.com.br\\\/sobre\",\"nextItem\":{\"@type\":\"ListItem\",\"@id\":\"https:\\\/\\\/www.encontrabarrafunda.com.br\\\/sobre\\\/noticias-na-barra-funda\\\/#listItem\",\"name\":\"Not\\u00edcias Barra Funda\"}},{\"@type\":\"ListItem\",\"@id\":\"https:\\\/\\\/www.encontrabarrafunda.com.br\\\/sobre\\\/noticias-na-barra-funda\\\/#listItem\",\"position\":2,\"name\":\"Not\\u00edcias Barra Funda\",\"item\":\"https:\\\/\\\/www.encontrabarrafunda.com.br\\\/sobre\\\/noticias-na-barra-funda\\\/\",\"nextItem\":{\"@type\":\"ListItem\",\"@id\":\"https:\\\/\\\/www.encontrabarrafunda.com.br\\\/sobre\\\/seguranca-e-condenado-a-18-anos-%e2%80%8eno-forum-da-barra-funda\\\/#listItem\",\"name\":\"Seguran\\u00e7a \\u00e9 condenado a 18 anos \\u200eno For\\u00fam da Barra Funda\"},\"previousItem\":{\"@type\":\"ListItem\",\"@id\":\"https:\\\/\\\/www.encontrabarrafunda.com.br\\\/sobre#listItem\",\"name\":\"In\\u00edcio\"}},{\"@type\":\"ListItem\",\"@id\":\"https:\\\/\\\/www.encontrabarrafunda.com.br\\\/sobre\\\/seguranca-e-condenado-a-18-anos-%e2%80%8eno-forum-da-barra-funda\\\/#listItem\",\"position\":3,\"name\":\"Seguran\\u00e7a \\u00e9 condenado a 18 anos \\u200eno For\\u00fam da Barra Funda\",\"previousItem\":{\"@type\":\"ListItem\",\"@id\":\"https:\\\/\\\/www.encontrabarrafunda.com.br\\\/sobre\\\/noticias-na-barra-funda\\\/#listItem\",\"name\":\"Not\\u00edcias Barra Funda\"}}]},{\"@type\":\"Organization\",\"@id\":\"https:\\\/\\\/www.encontrabarrafunda.com.br\\\/sobre\\\/#organization\",\"name\":\"Encontra Barra Funda\",\"description\":\"Not\\u00edcias, eventos, informa\\u00e7\\u00f5es e dicas no bairro da Barra Funda e regi\\u00e3o.\",\"url\":\"https:\\\/\\\/www.encontrabarrafunda.com.br\\\/sobre\\\/\"},{\"@type\":\"Person\",\"@id\":\"https:\\\/\\\/www.encontrabarrafunda.com.br\\\/sobre\\\/author\\\/ebarrafunda\\\/#author\",\"url\":\"https:\\\/\\\/www.encontrabarrafunda.com.br\\\/sobre\\\/author\\\/ebarrafunda\\\/\",\"name\":\"Encontra Barra Funda\",\"image\":{\"@type\":\"ImageObject\",\"@id\":\"https:\\\/\\\/www.encontrabarrafunda.com.br\\\/sobre\\\/seguranca-e-condenado-a-18-anos-%e2%80%8eno-forum-da-barra-funda\\\/#authorImage\",\"url\":\"https:\\\/\\\/secure.gravatar.com\\\/avatar\\\/507340682b8270222e1f208e23198b6ae7e2c6a1033ae84e99bc6bce4f82a387?s=96&d=mm&r=g\",\"width\":96,\"height\":96,\"caption\":\"Encontra Barra Funda\"}},{\"@type\":\"WebPage\",\"@id\":\"https:\\\/\\\/www.encontrabarrafunda.com.br\\\/sobre\\\/seguranca-e-condenado-a-18-anos-%e2%80%8eno-forum-da-barra-funda\\\/#webpage\",\"url\":\"https:\\\/\\\/www.encontrabarrafunda.com.br\\\/sobre\\\/seguranca-e-condenado-a-18-anos-%e2%80%8eno-forum-da-barra-funda\\\/\",\"name\":\"Seguran\\u00e7a \\u00e9 condenado a 18 anos \\u200eno For\\u00fam da Barra Funda - Encontra Barra Funda\",\"description\":\"Seguran\\u00e7a de uma empresa tercerizada, Genilson Silva Sousa, foi condenado por 18 anos de pris\\u00e3o em regime fechado nesta segunda-feira (5) pela morte de um cliente. O crime aconteceu dentro de uma das lojas das Casas Bahia em 10 de novembro de 2008. O julgamento aconteceu no F\\u00f3rum Criminal da Barra Funda, zona oeste de\",\"inLanguage\":\"pt-BR\",\"isPartOf\":{\"@id\":\"https:\\\/\\\/www.encontrabarrafunda.com.br\\\/sobre\\\/#website\"},\"breadcrumb\":{\"@id\":\"https:\\\/\\\/www.encontrabarrafunda.com.br\\\/sobre\\\/seguranca-e-condenado-a-18-anos-%e2%80%8eno-forum-da-barra-funda\\\/#breadcrumblist\"},\"author\":{\"@id\":\"https:\\\/\\\/www.encontrabarrafunda.com.br\\\/sobre\\\/author\\\/ebarrafunda\\\/#author\"},\"creator\":{\"@id\":\"https:\\\/\\\/www.encontrabarrafunda.com.br\\\/sobre\\\/author\\\/ebarrafunda\\\/#author\"},\"datePublished\":\"2012-03-07T15:03:41-03:00\",\"dateModified\":\"2019-04-29T17:20:14-03:00\"},{\"@type\":\"WebSite\",\"@id\":\"https:\\\/\\\/www.encontrabarrafunda.com.br\\\/sobre\\\/#website\",\"url\":\"https:\\\/\\\/www.encontrabarrafunda.com.br\\\/sobre\\\/\",\"name\":\"Encontra Barra Funda\",\"description\":\"Not\\u00edcias, eventos, informa\\u00e7\\u00f5es e dicas no bairro da Barra Funda e regi\\u00e3o.\",\"inLanguage\":\"pt-BR\",\"publisher\":{\"@id\":\"https:\\\/\\\/www.encontrabarrafunda.com.br\\\/sobre\\\/#organization\"}}]}\n\t\t<\/script>\n\t\t<!-- All in One SEO -->\n\n","aioseo_head_json":{"title":"Seguran\u00e7a \u00e9 condenado a 18 anos \u200eno For\u00fam da Barra Funda - Encontra Barra Funda","description":"Seguran\u00e7a de uma empresa tercerizada, Genilson Silva Sousa, foi condenado por 18 anos de pris\u00e3o em regime fechado nesta segunda-feira (5) pela morte de um cliente. O crime aconteceu dentro de uma das lojas das Casas Bahia em 10 de novembro de 2008. O julgamento aconteceu no F\u00f3rum Criminal da Barra Funda, zona oeste de","canonical_url":"https:\/\/www.encontrabarrafunda.com.br\/sobre\/seguranca-e-condenado-a-18-anos-%e2%80%8eno-forum-da-barra-funda\/","robots":"max-image-preview:large","keywords":"","webmasterTools":{"miscellaneous":""},"schema":{"@context":"https:\/\/schema.org","@graph":[{"@type":"BlogPosting","@id":"https:\/\/www.encontrabarrafunda.com.br\/sobre\/seguranca-e-condenado-a-18-anos-%e2%80%8eno-forum-da-barra-funda\/#blogposting","name":"Seguran\u00e7a \u00e9 condenado a 18 anos \u200eno For\u00fam da Barra Funda - Encontra Barra Funda","headline":"Seguran\u00e7a \u00e9 condenado a 18 anos \u200eno For\u00fam da Barra Funda","author":{"@id":"https:\/\/www.encontrabarrafunda.com.br\/sobre\/author\/ebarrafunda\/#author"},"publisher":{"@id":"https:\/\/www.encontrabarrafunda.com.br\/sobre\/#organization"},"datePublished":"2012-03-07T15:03:41-03:00","dateModified":"2019-04-29T17:20:14-03:00","inLanguage":"pt-BR","mainEntityOfPage":{"@id":"https:\/\/www.encontrabarrafunda.com.br\/sobre\/seguranca-e-condenado-a-18-anos-%e2%80%8eno-forum-da-barra-funda\/#webpage"},"isPartOf":{"@id":"https:\/\/www.encontrabarrafunda.com.br\/sobre\/seguranca-e-condenado-a-18-anos-%e2%80%8eno-forum-da-barra-funda\/#webpage"},"articleSection":"Not\u00edcias Barra Funda"},{"@type":"BreadcrumbList","@id":"https:\/\/www.encontrabarrafunda.com.br\/sobre\/seguranca-e-condenado-a-18-anos-%e2%80%8eno-forum-da-barra-funda\/#breadcrumblist","itemListElement":[{"@type":"ListItem","@id":"https:\/\/www.encontrabarrafunda.com.br\/sobre#listItem","position":1,"name":"In\u00edcio","item":"https:\/\/www.encontrabarrafunda.com.br\/sobre","nextItem":{"@type":"ListItem","@id":"https:\/\/www.encontrabarrafunda.com.br\/sobre\/noticias-na-barra-funda\/#listItem","name":"Not\u00edcias Barra Funda"}},{"@type":"ListItem","@id":"https:\/\/www.encontrabarrafunda.com.br\/sobre\/noticias-na-barra-funda\/#listItem","position":2,"name":"Not\u00edcias Barra Funda","item":"https:\/\/www.encontrabarrafunda.com.br\/sobre\/noticias-na-barra-funda\/","nextItem":{"@type":"ListItem","@id":"https:\/\/www.encontrabarrafunda.com.br\/sobre\/seguranca-e-condenado-a-18-anos-%e2%80%8eno-forum-da-barra-funda\/#listItem","name":"Seguran\u00e7a \u00e9 condenado a 18 anos \u200eno For\u00fam da Barra Funda"},"previousItem":{"@type":"ListItem","@id":"https:\/\/www.encontrabarrafunda.com.br\/sobre#listItem","name":"In\u00edcio"}},{"@type":"ListItem","@id":"https:\/\/www.encontrabarrafunda.com.br\/sobre\/seguranca-e-condenado-a-18-anos-%e2%80%8eno-forum-da-barra-funda\/#listItem","position":3,"name":"Seguran\u00e7a \u00e9 condenado a 18 anos \u200eno For\u00fam da Barra Funda","previousItem":{"@type":"ListItem","@id":"https:\/\/www.encontrabarrafunda.com.br\/sobre\/noticias-na-barra-funda\/#listItem","name":"Not\u00edcias Barra Funda"}}]},{"@type":"Organization","@id":"https:\/\/www.encontrabarrafunda.com.br\/sobre\/#organization","name":"Encontra Barra Funda","description":"Not\u00edcias, eventos, informa\u00e7\u00f5es e dicas no bairro da Barra Funda e regi\u00e3o.","url":"https:\/\/www.encontrabarrafunda.com.br\/sobre\/"},{"@type":"Person","@id":"https:\/\/www.encontrabarrafunda.com.br\/sobre\/author\/ebarrafunda\/#author","url":"https:\/\/www.encontrabarrafunda.com.br\/sobre\/author\/ebarrafunda\/","name":"Encontra Barra Funda","image":{"@type":"ImageObject","@id":"https:\/\/www.encontrabarrafunda.com.br\/sobre\/seguranca-e-condenado-a-18-anos-%e2%80%8eno-forum-da-barra-funda\/#authorImage","url":"https:\/\/secure.gravatar.com\/avatar\/507340682b8270222e1f208e23198b6ae7e2c6a1033ae84e99bc6bce4f82a387?s=96&d=mm&r=g","width":96,"height":96,"caption":"Encontra Barra Funda"}},{"@type":"WebPage","@id":"https:\/\/www.encontrabarrafunda.com.br\/sobre\/seguranca-e-condenado-a-18-anos-%e2%80%8eno-forum-da-barra-funda\/#webpage","url":"https:\/\/www.encontrabarrafunda.com.br\/sobre\/seguranca-e-condenado-a-18-anos-%e2%80%8eno-forum-da-barra-funda\/","name":"Seguran\u00e7a \u00e9 condenado a 18 anos \u200eno For\u00fam da Barra Funda - Encontra Barra Funda","description":"Seguran\u00e7a de uma empresa tercerizada, Genilson Silva Sousa, foi condenado por 18 anos de pris\u00e3o em regime fechado nesta segunda-feira (5) pela morte de um cliente. O crime aconteceu dentro de uma das lojas das Casas Bahia em 10 de novembro de 2008. O julgamento aconteceu no F\u00f3rum Criminal da Barra Funda, zona oeste de","inLanguage":"pt-BR","isPartOf":{"@id":"https:\/\/www.encontrabarrafunda.com.br\/sobre\/#website"},"breadcrumb":{"@id":"https:\/\/www.encontrabarrafunda.com.br\/sobre\/seguranca-e-condenado-a-18-anos-%e2%80%8eno-forum-da-barra-funda\/#breadcrumblist"},"author":{"@id":"https:\/\/www.encontrabarrafunda.com.br\/sobre\/author\/ebarrafunda\/#author"},"creator":{"@id":"https:\/\/www.encontrabarrafunda.com.br\/sobre\/author\/ebarrafunda\/#author"},"datePublished":"2012-03-07T15:03:41-03:00","dateModified":"2019-04-29T17:20:14-03:00"},{"@type":"WebSite","@id":"https:\/\/www.encontrabarrafunda.com.br\/sobre\/#website","url":"https:\/\/www.encontrabarrafunda.com.br\/sobre\/","name":"Encontra Barra Funda","description":"Not\u00edcias, eventos, informa\u00e7\u00f5es e dicas no bairro da Barra Funda e regi\u00e3o.","inLanguage":"pt-BR","publisher":{"@id":"https:\/\/www.encontrabarrafunda.com.br\/sobre\/#organization"}}]},"og:locale":"pt_BR","og:site_name":"Encontra Barra Funda - Not\u00edcias, eventos, informa\u00e7\u00f5es e dicas no bairro da Barra Funda e regi\u00e3o.","og:type":"article","og:title":"Seguran\u00e7a \u00e9 condenado a 18 anos \u200eno For\u00fam da Barra Funda - Encontra Barra Funda","og:description":"Seguran\u00e7a de uma empresa tercerizada, Genilson Silva Sousa, foi condenado por 18 anos de pris\u00e3o em regime fechado nesta segunda-feira (5) pela morte de um cliente. O crime aconteceu dentro de uma das lojas das Casas Bahia em 10 de novembro de 2008. O julgamento aconteceu no F\u00f3rum Criminal da Barra Funda, zona oeste de","og:url":"https:\/\/www.encontrabarrafunda.com.br\/sobre\/seguranca-e-condenado-a-18-anos-%e2%80%8eno-forum-da-barra-funda\/","article:published_time":"2012-03-07T17:03:41+00:00","article:modified_time":"2019-04-29T20:20:14+00:00","twitter:card":"summary_large_image","twitter:title":"Seguran\u00e7a \u00e9 condenado a 18 anos \u200eno For\u00fam da Barra Funda - Encontra Barra Funda","twitter:description":"Seguran\u00e7a de uma empresa tercerizada, Genilson Silva Sousa, foi condenado por 18 anos de pris\u00e3o em regime fechado nesta segunda-feira (5) pela morte de um cliente. O crime aconteceu dentro de uma das lojas das Casas Bahia em 10 de novembro de 2008. O julgamento aconteceu no F\u00f3rum Criminal da Barra Funda, zona oeste de"},"aioseo_meta_data":{"post_id":"726","title":null,"description":null,"keywords":null,"keyphrases":null,"primary_term":null,"canonical_url":null,"og_title":null,"og_description":null,"og_object_type":"default","og_image_type":"default","og_image_url":null,"og_image_width":null,"og_image_height":null,"og_image_custom_url":null,"og_image_custom_fields":null,"og_video":null,"og_custom_url":null,"og_article_section":null,"og_article_tags":null,"twitter_use_og":false,"twitter_card":"default","twitter_image_type":"default","twitter_image_url":null,"twitter_image_custom_url":null,"twitter_image_custom_fields":null,"twitter_title":null,"twitter_description":null,"schema":{"blockGraphs":[],"customGraphs":[],"default":{"data":{"Article":[],"Course":[],"Dataset":[],"FAQPage":[],"Movie":[],"Person":[],"Product":[],"ProductReview":[],"Car":[],"Recipe":[],"Service":[],"SoftwareApplication":[],"WebPage":[]},"graphName":"BlogPosting","isEnabled":true},"graphs":[]},"schema_type":"default","schema_type_options":null,"pillar_content":false,"robots_default":true,"robots_noindex":false,"robots_noarchive":false,"robots_nosnippet":false,"robots_nofollow":false,"robots_noimageindex":false,"robots_noodp":false,"robots_notranslate":false,"robots_max_snippet":null,"robots_max_videopreview":null,"robots_max_imagepreview":"large","priority":null,"frequency":null,"local_seo":null,"breadcrumb_settings":null,"limit_modified_date":false,"ai":null,"created":"2024-03-17 01:10:03","updated":"2025-10-04 01:32:19","focus_keyword":null,"additional_keywords":null,"truseo_locale":null,"seo_analyzer_scan_date":null},"aioseo_breadcrumb":"<div class=\"aioseo-breadcrumbs\"><span class=\"aioseo-breadcrumb\">\n\t\t\t<a href=\"https:\/\/www.encontrabarrafunda.com.br\/sobre\" title=\"In\u00edcio\">In\u00edcio<\/a>\n\t\t<\/span><span class=\"aioseo-breadcrumb-separator\">&raquo;<\/span><span class=\"aioseo-breadcrumb\">\n\t\t\t<a href=\"https:\/\/www.encontrabarrafunda.com.br\/sobre\/noticias-na-barra-funda\/\" title=\"Not\u00edcias Barra Funda\">Not\u00edcias Barra Funda<\/a>\n\t\t<\/span><span class=\"aioseo-breadcrumb-separator\">&raquo;<\/span><span class=\"aioseo-breadcrumb\">\n\t\t\tSeguran\u00e7a \u00e9 condenado a 18 anos \u200eno For\u00fam da Barra Funda\n\t\t<\/span><\/div>","aioseo_breadcrumb_json":[{"label":"In\u00edcio","link":"https:\/\/www.encontrabarrafunda.com.br\/sobre"},{"label":"Not\u00edcias Barra Funda","link":"https:\/\/www.encontrabarrafunda.com.br\/sobre\/noticias-na-barra-funda\/"},{"label":"Seguran\u00e7a \u00e9 condenado a 18 anos \u200eno For\u00fam da Barra Funda","link":"https:\/\/www.encontrabarrafunda.com.br\/sobre\/seguranca-e-condenado-a-18-anos-%e2%80%8eno-forum-da-barra-funda\/"}],"_links":{"self":[{"href":"https:\/\/www.encontrabarrafunda.com.br\/sobre\/wp-json\/wp\/v2\/posts\/726","targetHints":{"allow":["GET"]}}],"collection":[{"href":"https:\/\/www.encontrabarrafunda.com.br\/sobre\/wp-json\/wp\/v2\/posts"}],"about":[{"href":"https:\/\/www.encontrabarrafunda.com.br\/sobre\/wp-json\/wp\/v2\/types\/post"}],"author":[{"embeddable":true,"href":"https:\/\/www.encontrabarrafunda.com.br\/sobre\/wp-json\/wp\/v2\/users\/1"}],"replies":[{"embeddable":true,"href":"https:\/\/www.encontrabarrafunda.com.br\/sobre\/wp-json\/wp\/v2\/comments?post=726"}],"version-history":[{"count":0,"href":"https:\/\/www.encontrabarrafunda.com.br\/sobre\/wp-json\/wp\/v2\/posts\/726\/revisions"}],"wp:attachment":[{"href":"https:\/\/www.encontrabarrafunda.com.br\/sobre\/wp-json\/wp\/v2\/media?parent=726"}],"wp:term":[{"taxonomy":"category","embeddable":true,"href":"https:\/\/www.encontrabarrafunda.com.br\/sobre\/wp-json\/wp\/v2\/categories?post=726"},{"taxonomy":"post_tag","embeddable":true,"href":"https:\/\/www.encontrabarrafunda.com.br\/sobre\/wp-json\/wp\/v2\/tags?post=726"}],"curies":[{"name":"wp","href":"https:\/\/api.w.org\/{rel}","templated":true}]}}