{"id":907,"date":"2012-07-31T10:00:46","date_gmt":"2012-07-31T12:00:46","guid":{"rendered":"http:\/\/www.encontrabarrafunda.com.br\/noticias\/?p=907"},"modified":"2019-04-29T17:19:54","modified_gmt":"2019-04-29T20:19:54","slug":"barra-funda-playcenter-fecha-as-portas-apos-quatro-decadas","status":"publish","type":"post","link":"https:\/\/www.encontrabarrafunda.com.br\/sobre\/barra-funda-playcenter-fecha-as-portas-apos-quatro-decadas\/","title":{"rendered":"Barra Funda: Playcenter fecha as portas ap\u00f3s quatro d\u00e9cadas"},"content":{"rendered":"<div class=\"7c2b2ddf12efdbbbe85a507d14b9627a\" data-index=\"1\" style=\"float: none; margin:0px;\">\n<!-- Anuncio display - global -->\r\n<ins class=\"adsbygoogle\"\r\n     style=\"display:block\"\r\n     data-ad-client=\"ca-pub-8585364105181520\"\r\n     data-ad-slot=\"8789329856\"\r\n     data-ad-format=\"auto\"\r\n     data-full-width-responsive=\"true\"><\/ins>\r\n<script>\r\n     (adsbygoogle = window.adsbygoogle || []).push({});\r\n<\/script>\n<\/div>\n<p>Pais na faixa dos 30 e 40 anos que passaram boa parte da inf\u00e2ncia brincando no Playcenter levaram por todo esse m\u00eas de julho os filhos para conhecer o parque.<\/p>\n<p>Na \u00faltima sexta-feira, todos os brinquedos apresentavam alguma fila. O Tsunami, por exemplo, com mais de cem pessoas \u00e0s 17h30m e o clima geral era de nostalgia. Afinal, o parque, que encerrou suas atividades neste domingo, aos 39 anos de idade, era ponto obrigat\u00f3rio de excurs\u00f5es escolares e familiares de boa parte dos paulistanos.<\/p>\n<p>\u201cVim pela primeira vez aos seis anos, com minha m\u00e3e e minha madrinha. Os shoppings n\u00e3o tinham brinquedos\u201d, disse o supervisor de call center Rog\u00e9rio Jofre, 43, que foi ao local com a mulher, dois filhos e um sobrinho.<\/p>\n<p>A dentista Fernanda Esteves, 33, foi com a m\u00e3e, a filha, duas irm\u00e3s e amigas para se despedir do parque. \u201cEu quis relembrar minha inf\u00e2ncia. Minha filha vai fazer seis anos e ainda n\u00e3o conhecia.\u201d<\/p>\n<p>Na sexta-feira, at\u00e9 \u00e0s 17h, 5.088 ingressos tinham sido vendidos. O parque, que abre das 11h \u00e0s 19h, tem capacidade para 12 mil pessoas.<\/p>\n<p><strong>Nostalgia<\/strong><\/p>\n<p>A mem\u00f3ria afetiva dos frequentadores mais exigentes cobrava a presen\u00e7a de brinquedos que sumiram ao longo dos anos, como a Montanha Encantada. Mas ainda estavam l\u00e1 os tradicionais carrossel, carrinho bate-bate e trem-fantasma, ao lado de outros mais modernos, como a Looping Star (montanha-russa).<\/p>\n<p>O auxiliar de confeiteiro Jos\u00e9 Roberto Ramos da Silva, 42, um dos funcion\u00e1rios mais antigos, com 16 anos de casa, diz que quando o parque decidiu fechar as portas para reabrir, em 2013, com outro formato, avisou aos cerca de 400 funcion\u00e1rios, que ficaram abismados.<\/p>\n<p>\u201cEu esperava que eu fosse sair e o parque continuar; nunca imaginei ver ele fechando as portas. Dif\u00edcil imaginar a marginal Tiet\u00ea, logo depois da ponte do Lim\u00e3o, ainda na zona oeste de S\u00e3o Paulo, sem aquela profus\u00e3o de luzes piscantes a partir de segunda-feira \u201d, disse.<\/p>\n<p>O parque de divers\u00f5es Playcenter, est\u00e1 localizado na marginal Tiet\u00ea, na cidade de S\u00e3o Paulo, em uma \u00e1rea de 85 mil metros quadrados e fecha suas portas neste domingo. O local est\u00e1 em funcionamento h\u00e1 40 anos.<\/p>\n<p><strong>O parque de divers\u00f5es<\/strong><br \/>\nPlaycenter, que foi inaugurado em 27 de julho de 1973, est\u00e1 localizado em S\u00e3o Paulo, fecha suas portas neste domingo. O local est\u00e1 em funcionamento h\u00e1 40 anos. O fechamento ocorre por causa de uma mudan\u00e7a estrat\u00e9gica nos planos da empresa, que pretende continuar no ramo do entretenimento, mas com uma proposta voltada para crian\u00e7as menores.<\/p>\n<p>O novo projeto, que ser\u00e1 constru\u00eddo no mesmo lugar do Playcenter, contar\u00e1 com investimentos de cerca de R$ 40 milh\u00f5es. A inaugura\u00e7\u00e3o do novo parque, que receber\u00e1 no m\u00e1ximo 4.500 pessoas por dia, est\u00e1 prevista para 2013.<\/p>\n<p>O parque de divers\u00f5es est\u00e1 situado em uma \u00e1rea de 85 mil metros quadrados, na marginal Tiet\u00ea, e recebia anualmente cerca de 1,5 milh\u00e3o de visitantes.<\/p>\n<p>O embri\u00e3o do Playcenter surgiu ap\u00f3s uma viagem do engenheiro Marcelo Gutglas, no final dos anos 1960. Ele estava introduzindo m\u00e1quinas de fliperama no Brasil e visitou um parque de divers\u00f5es em N\u00e1poles (It\u00e1lia). A partir da\u00ed montou um parque em frente ao gin\u00e1sio do Ibirapuera, com brinquedos como o carrossel, a Ciclone (primeira montanha-russa de metal do pa\u00eds) e o tobog\u00e3 Playcenter.<\/p>\n<p><em>Fonte: O Povo<\/em><\/p>\n\n<div style=\"font-size: 0px; height: 0px; line-height: 0px; margin: 0; padding: 0; clear: both;\"><\/div>","protected":false},"excerpt":{"rendered":"<p>Pais na faixa dos 30 e 40 anos que passaram boa parte da inf\u00e2ncia brincando no Playcenter levaram por todo esse m\u00eas de julho os filhos para conhecer o parque. Na \u00faltima sexta-feira, todos os brinquedos apresentavam alguma fila. O Tsunami, por exemplo, com mais de cem pessoas \u00e0s 17h30m e o clima geral era de nostalgia. Afinal, o parque, que encerrou suas atividades neste domingo, aos 39 anos de idade, era ponto obrigat\u00f3rio de excurs\u00f5es escolares e familiares de boa parte dos paulistanos. \u201cVim pela primeira vez aos seis anos, com minha m\u00e3e e minha madrinha. Os shoppings n\u00e3o <\/p>\n","protected":false},"author":1,"featured_media":0,"comment_status":"open","ping_status":"closed","sticky":false,"template":"","format":"standard","meta":{"footnotes":""},"categories":[6],"tags":[],"class_list":["post-907","post","type-post","status-publish","format-standard","hentry","category-noticias-na-barra-funda"],"aioseo_notices":[],"aioseo_head":"\n\t\t<!-- All in One SEO 5.0.0.1 - aioseo.com -->\n\t<meta name=\"description\" content=\"Pais na faixa dos 30 e 40 anos que passaram boa parte da inf\u00e2ncia brincando no Playcenter levaram por todo esse m\u00eas de julho os filhos para conhecer o parque. Na \u00faltima sexta-feira, todos os brinquedos apresentavam alguma fila. O Tsunami, por exemplo, com mais de cem pessoas \u00e0s 17h30m e o clima geral era\" \/>\n\t<meta name=\"robots\" content=\"max-image-preview:large\" \/>\n\t<meta name=\"author\" content=\"Encontra Barra Funda\"\/>\n\t<link rel=\"canonical\" href=\"https:\/\/www.encontrabarrafunda.com.br\/sobre\/barra-funda-playcenter-fecha-as-portas-apos-quatro-decadas\/\" \/>\n\t<meta name=\"generator\" content=\"All in One SEO (AIOSEO) 5.0.0.1\" \/>\n\t\t<meta property=\"og:locale\" content=\"pt_BR\" \/>\n\t\t<meta property=\"og:site_name\" content=\"Encontra Barra Funda - Not\u00edcias, eventos, informa\u00e7\u00f5es e dicas no bairro da Barra Funda e regi\u00e3o.\" \/>\n\t\t<meta property=\"og:type\" content=\"article\" \/>\n\t\t<meta property=\"og:title\" content=\"Barra Funda: Playcenter fecha as portas ap\u00f3s quatro d\u00e9cadas - Encontra Barra Funda\" \/>\n\t\t<meta property=\"og:description\" content=\"Pais na faixa dos 30 e 40 anos que passaram boa parte da inf\u00e2ncia brincando no Playcenter levaram por todo esse m\u00eas de julho os filhos para conhecer o parque. Na \u00faltima sexta-feira, todos os brinquedos apresentavam alguma fila. O Tsunami, por exemplo, com mais de cem pessoas \u00e0s 17h30m e o clima geral era\" \/>\n\t\t<meta property=\"og:url\" content=\"https:\/\/www.encontrabarrafunda.com.br\/sobre\/barra-funda-playcenter-fecha-as-portas-apos-quatro-decadas\/\" \/>\n\t\t<meta property=\"article:published_time\" content=\"2012-07-31T12:00:46+00:00\" \/>\n\t\t<meta property=\"article:modified_time\" content=\"2019-04-29T20:19:54+00:00\" \/>\n\t\t<meta name=\"twitter:card\" content=\"summary_large_image\" \/>\n\t\t<meta name=\"twitter:title\" content=\"Barra Funda: Playcenter fecha as portas ap\u00f3s quatro d\u00e9cadas - Encontra Barra Funda\" \/>\n\t\t<meta name=\"twitter:description\" content=\"Pais na faixa dos 30 e 40 anos que passaram boa parte da inf\u00e2ncia brincando no Playcenter levaram por todo esse m\u00eas de julho os filhos para conhecer o parque. Na \u00faltima sexta-feira, todos os brinquedos apresentavam alguma fila. O Tsunami, por exemplo, com mais de cem pessoas \u00e0s 17h30m e o clima geral era\" \/>\n\t\t<script type=\"application\/ld+json\" class=\"aioseo-schema\">\n\t\t\t{\"@context\":\"https:\\\/\\\/schema.org\",\"@graph\":[{\"@type\":\"BlogPosting\",\"@id\":\"https:\\\/\\\/www.encontrabarrafunda.com.br\\\/sobre\\\/barra-funda-playcenter-fecha-as-portas-apos-quatro-decadas\\\/#blogposting\",\"name\":\"Barra Funda: Playcenter fecha as portas ap\\u00f3s quatro d\\u00e9cadas - Encontra Barra Funda\",\"headline\":\"Barra Funda: Playcenter fecha as portas ap\\u00f3s quatro d\\u00e9cadas\",\"author\":{\"@id\":\"https:\\\/\\\/www.encontrabarrafunda.com.br\\\/sobre\\\/author\\\/ebarrafunda\\\/#author\"},\"publisher\":{\"@id\":\"https:\\\/\\\/www.encontrabarrafunda.com.br\\\/sobre\\\/#organization\"},\"datePublished\":\"2012-07-31T10:00:46-03:00\",\"dateModified\":\"2019-04-29T17:19:54-03:00\",\"inLanguage\":\"pt-BR\",\"mainEntityOfPage\":{\"@id\":\"https:\\\/\\\/www.encontrabarrafunda.com.br\\\/sobre\\\/barra-funda-playcenter-fecha-as-portas-apos-quatro-decadas\\\/#webpage\"},\"isPartOf\":{\"@id\":\"https:\\\/\\\/www.encontrabarrafunda.com.br\\\/sobre\\\/barra-funda-playcenter-fecha-as-portas-apos-quatro-decadas\\\/#webpage\"},\"articleSection\":\"Not\\u00edcias Barra Funda\"},{\"@type\":\"BreadcrumbList\",\"@id\":\"https:\\\/\\\/www.encontrabarrafunda.com.br\\\/sobre\\\/barra-funda-playcenter-fecha-as-portas-apos-quatro-decadas\\\/#breadcrumblist\",\"itemListElement\":[{\"@type\":\"ListItem\",\"@id\":\"https:\\\/\\\/www.encontrabarrafunda.com.br\\\/sobre#listItem\",\"position\":1,\"name\":\"In\\u00edcio\",\"item\":\"https:\\\/\\\/www.encontrabarrafunda.com.br\\\/sobre\",\"nextItem\":{\"@type\":\"ListItem\",\"@id\":\"https:\\\/\\\/www.encontrabarrafunda.com.br\\\/sobre\\\/noticias-na-barra-funda\\\/#listItem\",\"name\":\"Not\\u00edcias Barra Funda\"}},{\"@type\":\"ListItem\",\"@id\":\"https:\\\/\\\/www.encontrabarrafunda.com.br\\\/sobre\\\/noticias-na-barra-funda\\\/#listItem\",\"position\":2,\"name\":\"Not\\u00edcias Barra Funda\",\"item\":\"https:\\\/\\\/www.encontrabarrafunda.com.br\\\/sobre\\\/noticias-na-barra-funda\\\/\",\"nextItem\":{\"@type\":\"ListItem\",\"@id\":\"https:\\\/\\\/www.encontrabarrafunda.com.br\\\/sobre\\\/barra-funda-playcenter-fecha-as-portas-apos-quatro-decadas\\\/#listItem\",\"name\":\"Barra Funda: Playcenter fecha as portas ap\\u00f3s quatro d\\u00e9cadas\"},\"previousItem\":{\"@type\":\"ListItem\",\"@id\":\"https:\\\/\\\/www.encontrabarrafunda.com.br\\\/sobre#listItem\",\"name\":\"In\\u00edcio\"}},{\"@type\":\"ListItem\",\"@id\":\"https:\\\/\\\/www.encontrabarrafunda.com.br\\\/sobre\\\/barra-funda-playcenter-fecha-as-portas-apos-quatro-decadas\\\/#listItem\",\"position\":3,\"name\":\"Barra Funda: Playcenter fecha as portas ap\\u00f3s quatro d\\u00e9cadas\",\"previousItem\":{\"@type\":\"ListItem\",\"@id\":\"https:\\\/\\\/www.encontrabarrafunda.com.br\\\/sobre\\\/noticias-na-barra-funda\\\/#listItem\",\"name\":\"Not\\u00edcias Barra Funda\"}}]},{\"@type\":\"Organization\",\"@id\":\"https:\\\/\\\/www.encontrabarrafunda.com.br\\\/sobre\\\/#organization\",\"name\":\"Encontra Barra Funda\",\"description\":\"Not\\u00edcias, eventos, informa\\u00e7\\u00f5es e dicas no bairro da Barra Funda e regi\\u00e3o.\",\"url\":\"https:\\\/\\\/www.encontrabarrafunda.com.br\\\/sobre\\\/\"},{\"@type\":\"Person\",\"@id\":\"https:\\\/\\\/www.encontrabarrafunda.com.br\\\/sobre\\\/author\\\/ebarrafunda\\\/#author\",\"url\":\"https:\\\/\\\/www.encontrabarrafunda.com.br\\\/sobre\\\/author\\\/ebarrafunda\\\/\",\"name\":\"Encontra Barra Funda\",\"image\":{\"@type\":\"ImageObject\",\"@id\":\"https:\\\/\\\/www.encontrabarrafunda.com.br\\\/sobre\\\/barra-funda-playcenter-fecha-as-portas-apos-quatro-decadas\\\/#authorImage\",\"url\":\"https:\\\/\\\/secure.gravatar.com\\\/avatar\\\/507340682b8270222e1f208e23198b6ae7e2c6a1033ae84e99bc6bce4f82a387?s=96&d=mm&r=g\",\"width\":96,\"height\":96,\"caption\":\"Encontra Barra Funda\"}},{\"@type\":\"WebPage\",\"@id\":\"https:\\\/\\\/www.encontrabarrafunda.com.br\\\/sobre\\\/barra-funda-playcenter-fecha-as-portas-apos-quatro-decadas\\\/#webpage\",\"url\":\"https:\\\/\\\/www.encontrabarrafunda.com.br\\\/sobre\\\/barra-funda-playcenter-fecha-as-portas-apos-quatro-decadas\\\/\",\"name\":\"Barra Funda: Playcenter fecha as portas ap\\u00f3s quatro d\\u00e9cadas - Encontra Barra Funda\",\"description\":\"Pais na faixa dos 30 e 40 anos que passaram boa parte da inf\\u00e2ncia brincando no Playcenter levaram por todo esse m\\u00eas de julho os filhos para conhecer o parque. Na \\u00faltima sexta-feira, todos os brinquedos apresentavam alguma fila. O Tsunami, por exemplo, com mais de cem pessoas \\u00e0s 17h30m e o clima geral era\",\"inLanguage\":\"pt-BR\",\"isPartOf\":{\"@id\":\"https:\\\/\\\/www.encontrabarrafunda.com.br\\\/sobre\\\/#website\"},\"breadcrumb\":{\"@id\":\"https:\\\/\\\/www.encontrabarrafunda.com.br\\\/sobre\\\/barra-funda-playcenter-fecha-as-portas-apos-quatro-decadas\\\/#breadcrumblist\"},\"author\":{\"@id\":\"https:\\\/\\\/www.encontrabarrafunda.com.br\\\/sobre\\\/author\\\/ebarrafunda\\\/#author\"},\"creator\":{\"@id\":\"https:\\\/\\\/www.encontrabarrafunda.com.br\\\/sobre\\\/author\\\/ebarrafunda\\\/#author\"},\"datePublished\":\"2012-07-31T10:00:46-03:00\",\"dateModified\":\"2019-04-29T17:19:54-03:00\"},{\"@type\":\"WebSite\",\"@id\":\"https:\\\/\\\/www.encontrabarrafunda.com.br\\\/sobre\\\/#website\",\"url\":\"https:\\\/\\\/www.encontrabarrafunda.com.br\\\/sobre\\\/\",\"name\":\"Encontra Barra Funda\",\"description\":\"Not\\u00edcias, eventos, informa\\u00e7\\u00f5es e dicas no bairro da Barra Funda e regi\\u00e3o.\",\"inLanguage\":\"pt-BR\",\"publisher\":{\"@id\":\"https:\\\/\\\/www.encontrabarrafunda.com.br\\\/sobre\\\/#organization\"}}]}\n\t\t<\/script>\n\t\t<!-- All in One SEO -->\n\n","aioseo_head_json":{"title":"Barra Funda: Playcenter fecha as portas ap\u00f3s quatro d\u00e9cadas - Encontra Barra Funda","description":"Pais na faixa dos 30 e 40 anos que passaram boa parte da inf\u00e2ncia brincando no Playcenter levaram por todo esse m\u00eas de julho os filhos para conhecer o parque. Na \u00faltima sexta-feira, todos os brinquedos apresentavam alguma fila. O Tsunami, por exemplo, com mais de cem pessoas \u00e0s 17h30m e o clima geral era","canonical_url":"https:\/\/www.encontrabarrafunda.com.br\/sobre\/barra-funda-playcenter-fecha-as-portas-apos-quatro-decadas\/","robots":"max-image-preview:large","keywords":"","webmasterTools":{"miscellaneous":""},"schema":{"@context":"https:\/\/schema.org","@graph":[{"@type":"BlogPosting","@id":"https:\/\/www.encontrabarrafunda.com.br\/sobre\/barra-funda-playcenter-fecha-as-portas-apos-quatro-decadas\/#blogposting","name":"Barra Funda: Playcenter fecha as portas ap\u00f3s quatro d\u00e9cadas - Encontra Barra Funda","headline":"Barra Funda: Playcenter fecha as portas ap\u00f3s quatro d\u00e9cadas","author":{"@id":"https:\/\/www.encontrabarrafunda.com.br\/sobre\/author\/ebarrafunda\/#author"},"publisher":{"@id":"https:\/\/www.encontrabarrafunda.com.br\/sobre\/#organization"},"datePublished":"2012-07-31T10:00:46-03:00","dateModified":"2019-04-29T17:19:54-03:00","inLanguage":"pt-BR","mainEntityOfPage":{"@id":"https:\/\/www.encontrabarrafunda.com.br\/sobre\/barra-funda-playcenter-fecha-as-portas-apos-quatro-decadas\/#webpage"},"isPartOf":{"@id":"https:\/\/www.encontrabarrafunda.com.br\/sobre\/barra-funda-playcenter-fecha-as-portas-apos-quatro-decadas\/#webpage"},"articleSection":"Not\u00edcias Barra Funda"},{"@type":"BreadcrumbList","@id":"https:\/\/www.encontrabarrafunda.com.br\/sobre\/barra-funda-playcenter-fecha-as-portas-apos-quatro-decadas\/#breadcrumblist","itemListElement":[{"@type":"ListItem","@id":"https:\/\/www.encontrabarrafunda.com.br\/sobre#listItem","position":1,"name":"In\u00edcio","item":"https:\/\/www.encontrabarrafunda.com.br\/sobre","nextItem":{"@type":"ListItem","@id":"https:\/\/www.encontrabarrafunda.com.br\/sobre\/noticias-na-barra-funda\/#listItem","name":"Not\u00edcias Barra Funda"}},{"@type":"ListItem","@id":"https:\/\/www.encontrabarrafunda.com.br\/sobre\/noticias-na-barra-funda\/#listItem","position":2,"name":"Not\u00edcias Barra Funda","item":"https:\/\/www.encontrabarrafunda.com.br\/sobre\/noticias-na-barra-funda\/","nextItem":{"@type":"ListItem","@id":"https:\/\/www.encontrabarrafunda.com.br\/sobre\/barra-funda-playcenter-fecha-as-portas-apos-quatro-decadas\/#listItem","name":"Barra Funda: Playcenter fecha as portas ap\u00f3s quatro d\u00e9cadas"},"previousItem":{"@type":"ListItem","@id":"https:\/\/www.encontrabarrafunda.com.br\/sobre#listItem","name":"In\u00edcio"}},{"@type":"ListItem","@id":"https:\/\/www.encontrabarrafunda.com.br\/sobre\/barra-funda-playcenter-fecha-as-portas-apos-quatro-decadas\/#listItem","position":3,"name":"Barra Funda: Playcenter fecha as portas ap\u00f3s quatro d\u00e9cadas","previousItem":{"@type":"ListItem","@id":"https:\/\/www.encontrabarrafunda.com.br\/sobre\/noticias-na-barra-funda\/#listItem","name":"Not\u00edcias Barra Funda"}}]},{"@type":"Organization","@id":"https:\/\/www.encontrabarrafunda.com.br\/sobre\/#organization","name":"Encontra Barra Funda","description":"Not\u00edcias, eventos, informa\u00e7\u00f5es e dicas no bairro da Barra Funda e regi\u00e3o.","url":"https:\/\/www.encontrabarrafunda.com.br\/sobre\/"},{"@type":"Person","@id":"https:\/\/www.encontrabarrafunda.com.br\/sobre\/author\/ebarrafunda\/#author","url":"https:\/\/www.encontrabarrafunda.com.br\/sobre\/author\/ebarrafunda\/","name":"Encontra Barra Funda","image":{"@type":"ImageObject","@id":"https:\/\/www.encontrabarrafunda.com.br\/sobre\/barra-funda-playcenter-fecha-as-portas-apos-quatro-decadas\/#authorImage","url":"https:\/\/secure.gravatar.com\/avatar\/507340682b8270222e1f208e23198b6ae7e2c6a1033ae84e99bc6bce4f82a387?s=96&d=mm&r=g","width":96,"height":96,"caption":"Encontra Barra Funda"}},{"@type":"WebPage","@id":"https:\/\/www.encontrabarrafunda.com.br\/sobre\/barra-funda-playcenter-fecha-as-portas-apos-quatro-decadas\/#webpage","url":"https:\/\/www.encontrabarrafunda.com.br\/sobre\/barra-funda-playcenter-fecha-as-portas-apos-quatro-decadas\/","name":"Barra Funda: Playcenter fecha as portas ap\u00f3s quatro d\u00e9cadas - Encontra Barra Funda","description":"Pais na faixa dos 30 e 40 anos que passaram boa parte da inf\u00e2ncia brincando no Playcenter levaram por todo esse m\u00eas de julho os filhos para conhecer o parque. Na \u00faltima sexta-feira, todos os brinquedos apresentavam alguma fila. O Tsunami, por exemplo, com mais de cem pessoas \u00e0s 17h30m e o clima geral era","inLanguage":"pt-BR","isPartOf":{"@id":"https:\/\/www.encontrabarrafunda.com.br\/sobre\/#website"},"breadcrumb":{"@id":"https:\/\/www.encontrabarrafunda.com.br\/sobre\/barra-funda-playcenter-fecha-as-portas-apos-quatro-decadas\/#breadcrumblist"},"author":{"@id":"https:\/\/www.encontrabarrafunda.com.br\/sobre\/author\/ebarrafunda\/#author"},"creator":{"@id":"https:\/\/www.encontrabarrafunda.com.br\/sobre\/author\/ebarrafunda\/#author"},"datePublished":"2012-07-31T10:00:46-03:00","dateModified":"2019-04-29T17:19:54-03:00"},{"@type":"WebSite","@id":"https:\/\/www.encontrabarrafunda.com.br\/sobre\/#website","url":"https:\/\/www.encontrabarrafunda.com.br\/sobre\/","name":"Encontra Barra Funda","description":"Not\u00edcias, eventos, informa\u00e7\u00f5es e dicas no bairro da Barra Funda e regi\u00e3o.","inLanguage":"pt-BR","publisher":{"@id":"https:\/\/www.encontrabarrafunda.com.br\/sobre\/#organization"}}]},"og:locale":"pt_BR","og:site_name":"Encontra Barra Funda - Not\u00edcias, eventos, informa\u00e7\u00f5es e dicas no bairro da Barra Funda e regi\u00e3o.","og:type":"article","og:title":"Barra Funda: Playcenter fecha as portas ap\u00f3s quatro d\u00e9cadas - Encontra Barra Funda","og:description":"Pais na faixa dos 30 e 40 anos que passaram boa parte da inf\u00e2ncia brincando no Playcenter levaram por todo esse m\u00eas de julho os filhos para conhecer o parque. Na \u00faltima sexta-feira, todos os brinquedos apresentavam alguma fila. O Tsunami, por exemplo, com mais de cem pessoas \u00e0s 17h30m e o clima geral era","og:url":"https:\/\/www.encontrabarrafunda.com.br\/sobre\/barra-funda-playcenter-fecha-as-portas-apos-quatro-decadas\/","article:published_time":"2012-07-31T12:00:46+00:00","article:modified_time":"2019-04-29T20:19:54+00:00","twitter:card":"summary_large_image","twitter:title":"Barra Funda: Playcenter fecha as portas ap\u00f3s quatro d\u00e9cadas - Encontra Barra Funda","twitter:description":"Pais na faixa dos 30 e 40 anos que passaram boa parte da inf\u00e2ncia brincando no Playcenter levaram por todo esse m\u00eas de julho os filhos para conhecer o parque. Na \u00faltima sexta-feira, todos os brinquedos apresentavam alguma fila. O Tsunami, por exemplo, com mais de cem pessoas \u00e0s 17h30m e o clima geral era"},"aioseo_meta_data":{"post_id":"907","title":null,"description":null,"keywords":null,"keyphrases":null,"primary_term":null,"canonical_url":null,"og_title":null,"og_description":null,"og_object_type":"default","og_image_type":"default","og_image_url":null,"og_image_width":null,"og_image_height":null,"og_image_custom_url":null,"og_image_custom_fields":null,"og_video":null,"og_custom_url":null,"og_article_section":null,"og_article_tags":null,"twitter_use_og":false,"twitter_card":"default","twitter_image_type":"default","twitter_image_url":null,"twitter_image_custom_url":null,"twitter_image_custom_fields":null,"twitter_title":null,"twitter_description":null,"schema":{"blockGraphs":[],"customGraphs":[],"default":{"data":{"Article":[],"Course":[],"Dataset":[],"FAQPage":[],"Movie":[],"Person":[],"Product":[],"ProductReview":[],"Car":[],"Recipe":[],"Service":[],"SoftwareApplication":[],"WebPage":[]},"graphName":"","isEnabled":true},"graphs":[]},"schema_type":"default","schema_type_options":null,"pillar_content":false,"robots_default":true,"robots_noindex":false,"robots_noarchive":false,"robots_nosnippet":false,"robots_nofollow":false,"robots_noimageindex":false,"robots_noodp":false,"robots_notranslate":false,"robots_max_snippet":null,"robots_max_videopreview":null,"robots_max_imagepreview":"large","priority":null,"frequency":null,"local_seo":null,"breadcrumb_settings":null,"limit_modified_date":false,"ai":null,"created":"2024-03-17 18:46:59","updated":"2025-10-04 05:31:51","focus_keyword":null,"additional_keywords":null,"truseo_locale":null,"seo_analyzer_scan_date":null},"aioseo_breadcrumb":"<div class=\"aioseo-breadcrumbs\"><span class=\"aioseo-breadcrumb\">\n\t\t\t<a href=\"https:\/\/www.encontrabarrafunda.com.br\/sobre\" title=\"In\u00edcio\">In\u00edcio<\/a>\n\t\t<\/span><span class=\"aioseo-breadcrumb-separator\">&raquo;<\/span><span class=\"aioseo-breadcrumb\">\n\t\t\t<a href=\"https:\/\/www.encontrabarrafunda.com.br\/sobre\/noticias-na-barra-funda\/\" title=\"Not\u00edcias Barra Funda\">Not\u00edcias Barra Funda<\/a>\n\t\t<\/span><span class=\"aioseo-breadcrumb-separator\">&raquo;<\/span><span class=\"aioseo-breadcrumb\">\n\t\t\tBarra Funda: Playcenter fecha as portas ap\u00f3s quatro d\u00e9cadas\n\t\t<\/span><\/div>","aioseo_breadcrumb_json":[{"label":"In\u00edcio","link":"https:\/\/www.encontrabarrafunda.com.br\/sobre"},{"label":"Not\u00edcias Barra Funda","link":"https:\/\/www.encontrabarrafunda.com.br\/sobre\/noticias-na-barra-funda\/"},{"label":"Barra Funda: Playcenter fecha as portas ap\u00f3s quatro d\u00e9cadas","link":"https:\/\/www.encontrabarrafunda.com.br\/sobre\/barra-funda-playcenter-fecha-as-portas-apos-quatro-decadas\/"}],"_links":{"self":[{"href":"https:\/\/www.encontrabarrafunda.com.br\/sobre\/wp-json\/wp\/v2\/posts\/907","targetHints":{"allow":["GET"]}}],"collection":[{"href":"https:\/\/www.encontrabarrafunda.com.br\/sobre\/wp-json\/wp\/v2\/posts"}],"about":[{"href":"https:\/\/www.encontrabarrafunda.com.br\/sobre\/wp-json\/wp\/v2\/types\/post"}],"author":[{"embeddable":true,"href":"https:\/\/www.encontrabarrafunda.com.br\/sobre\/wp-json\/wp\/v2\/users\/1"}],"replies":[{"embeddable":true,"href":"https:\/\/www.encontrabarrafunda.com.br\/sobre\/wp-json\/wp\/v2\/comments?post=907"}],"version-history":[{"count":0,"href":"https:\/\/www.encontrabarrafunda.com.br\/sobre\/wp-json\/wp\/v2\/posts\/907\/revisions"}],"wp:attachment":[{"href":"https:\/\/www.encontrabarrafunda.com.br\/sobre\/wp-json\/wp\/v2\/media?parent=907"}],"wp:term":[{"taxonomy":"category","embeddable":true,"href":"https:\/\/www.encontrabarrafunda.com.br\/sobre\/wp-json\/wp\/v2\/categories?post=907"},{"taxonomy":"post_tag","embeddable":true,"href":"https:\/\/www.encontrabarrafunda.com.br\/sobre\/wp-json\/wp\/v2\/tags?post=907"}],"curies":[{"name":"wp","href":"https:\/\/api.w.org\/{rel}","templated":true}]}}